{"id":3496,"date":"2023-05-18T07:28:28","date_gmt":"2023-05-18T07:28:28","guid":{"rendered":"https:\/\/wordpress-441303-3454160.cloudwaysapps.com\/?p=3496"},"modified":"2023-08-07T17:39:50","modified_gmt":"2023-08-07T15:39:50","slug":"proyecto-de-intercooperacion-entre-ategi-y-fagor-electronica","status":"publish","type":"post","link":"https:\/\/www.fagorsmartdata.com\/es\/blog\/proyecto-de-intercooperacion-entre-ategi-y-fagor-electronica\/","title":{"rendered":"Proyecto de intercooperaci\u00f3n entre Ategi y Fagor Electr\u00f3nica"},"content":{"rendered":"\t\t<div data-elementor-type=\"wp-post\" data-elementor-id=\"3496\" class=\"elementor elementor-3496\" data-elementor-post-type=\"post\">\n\t\t\t\t<div class=\"elementor-element elementor-element-b66280b e-con-full e-flex e-con e-parent\" data-id=\"b66280b\" data-element_type=\"container\">\n\t\t\t\t<div class=\"elementor-element elementor-element-d77b1bf elementor-widget elementor-widget-text-editor\" data-id=\"d77b1bf\" data-element_type=\"widget\" data-widget_type=\"text-editor.default\">\n\t\t\t\t<div class=\"elementor-widget-container\">\n\t\t\t\t\t\t\t\t\t<div class=\"col-12\"><div class=\"text-center intro aos-init aos-animate\" data-aos=\"fade-up\"><p>Ategi es la fuerza de m\u00e1s de 300 empresas y agrupaciones empresariales que han decidido centralizar la gesti\u00f3n de sus compras para reducir sus costes e incrementar su eficacia y rentabilidad empresarial.<\/p><\/div><\/div><div class=\"col-12\"><h2 class=\"page__h2\">ATEGI Y FAGOR ELECTR\u00d3NICA JUNTAS EN UN PROYECTO DE INTERCOOPERACI\u00d3N<\/h2><div><p>ATEGI activ\u00f3 el pasado a\u00f1o el proyecto de intercooperaci\u00f3n\u00a0<a href=\"https:\/\/www.fagorsmartdata.com\/es\/ubika\">UBIKA<\/a>, una plataforma innovadora orientada a facilitar a las empresas su transformaci\u00f3n hacia la Log\u00edstica 4.0.<\/p><p>Este\u00a0<a href=\"https:\/\/www.fagorsmartdata.com\/es\/ubika\">software de log\u00edstica y transporte<\/a>\u00a0se est\u00e1 desarrollando en estrecha colaboraci\u00f3n con Fagor Electr\u00f3nica l\u00edderes en gesti\u00f3n y localizaci\u00f3n de flotas.<\/p><p>La Log\u00edstica 4.0 habla de la gesti\u00f3n de la trazabilidad, de modelos log\u00edsticos inteligentes, de mejora en la gesti\u00f3n de inventarios, de anticipar las necesidades del cliente, de optimizar los tiempos, de gestionar tama\u00f1os de serie m\u00e1s peque\u00f1os, de adaptarse a la omnicanalidad, de detectar problemas en la carga antes de llegar a su destino, etc.<\/p><p>En este marco se sit\u00faa el proyecto\u00a0<a href=\"https:\/\/www.fagorsmartdata.com\/es\/ubika\">UBIKA<\/a>. Se pretende generar desde ATEGI una plataforma de servicios de valor que comenzando por la digitalizaci\u00f3n de los procesos de Transporte y Log\u00edstica gestionados por ATEGI llegue a poner, en un futuro, a disposici\u00f3n de las empresas la integraci\u00f3n de los sistemas y datos de los proveedores de transporte (transitarios).\u00a0<\/p><\/div><\/div><div class=\"col-12\">\u00a0<\/div>\t\t\t\t\t\t\t\t<\/div>\n\t\t\t\t<\/div>\n\t\t\t\t<div class=\"elementor-element elementor-element-9cebbd6 elementor-widget elementor-widget-image\" data-id=\"9cebbd6\" data-element_type=\"widget\" data-widget_type=\"image.default\">\n\t\t\t\t<div class=\"elementor-widget-container\">\n\t\t\t\t\t\t\t\t\t\t\t\t\t\t\t<img fetchpriority=\"high\" width=\"1024\" height=\"588\" src=\"https:\/\/www.fagorsmartdata.com\/wp-content\/uploads\/2023\/05\/ategi-fagor-1024x588.jpeg\" class=\"attachment-large size-large wp-image-3497\" alt=\"\" srcset=\"https:\/\/www.fagorsmartdata.com\/wp-content\/uploads\/2023\/05\/ategi-fagor-1024x588.jpeg 1024w, https:\/\/www.fagorsmartdata.com\/wp-content\/uploads\/2023\/05\/ategi-fagor-300x172.jpeg 300w, https:\/\/www.fagorsmartdata.com\/wp-content\/uploads\/2023\/05\/ategi-fagor-768x441.jpeg 768w, https:\/\/www.fagorsmartdata.com\/wp-content\/uploads\/2023\/05\/ategi-fagor.jpeg 1200w\" sizes=\"(max-width: 1024px) 100vw, 1024px\" \/>\t\t\t\t\t\t\t\t\t\t\t\t\t\t\t<\/div>\n\t\t\t\t<\/div>\n\t\t\t\t<\/div>\n\t\t\t\t<\/div>\n\t\t","protected":false},"excerpt":{"rendered":"<p>Ategi es la fuerza de m\u00e1s de 300 empresas y agrupaciones empresariales que han decidido centralizar la gesti\u00f3n de sus compras para reducir sus costes e incrementar su eficacia y rentabilidad empresarial.<\/p>\n","protected":false},"author":2,"featured_media":3497,"comment_status":"open","ping_status":"open","sticky":false,"template":"","format":"standard","meta":{"_acf_changed":false,"inline_featured_image":false,"footnotes":""},"categories":[17],"tags":[],"class_list":["post-3496","post","type-post","status-publish","format-standard","has-post-thumbnail","hentry","category-noticias-y-acontecimientos"],"acf":[],"_links":{"self":[{"href":"https:\/\/www.fagorsmartdata.com\/es\/wp-json\/wp\/v2\/posts\/3496","targetHints":{"allow":["GET"]}}],"collection":[{"href":"https:\/\/www.fagorsmartdata.com\/es\/wp-json\/wp\/v2\/posts"}],"about":[{"href":"https:\/\/www.fagorsmartdata.com\/es\/wp-json\/wp\/v2\/types\/post"}],"author":[{"embeddable":true,"href":"https:\/\/www.fagorsmartdata.com\/es\/wp-json\/wp\/v2\/users\/2"}],"replies":[{"embeddable":true,"href":"https:\/\/www.fagorsmartdata.com\/es\/wp-json\/wp\/v2\/comments?post=3496"}],"version-history":[{"count":4,"href":"https:\/\/www.fagorsmartdata.com\/es\/wp-json\/wp\/v2\/posts\/3496\/revisions"}],"predecessor-version":[{"id":3502,"href":"https:\/\/www.fagorsmartdata.com\/es\/wp-json\/wp\/v2\/posts\/3496\/revisions\/3502"}],"wp:featuredmedia":[{"embeddable":true,"href":"https:\/\/www.fagorsmartdata.com\/es\/wp-json\/wp\/v2\/media\/3497"}],"wp:attachment":[{"href":"https:\/\/www.fagorsmartdata.com\/es\/wp-json\/wp\/v2\/media?parent=3496"}],"wp:term":[{"taxonomy":"category","embeddable":true,"href":"https:\/\/www.fagorsmartdata.com\/es\/wp-json\/wp\/v2\/categories?post=3496"},{"taxonomy":"post_tag","embeddable":true,"href":"https:\/\/www.fagorsmartdata.com\/es\/wp-json\/wp\/v2\/tags?post=3496"}],"curies":[{"name":"wp","href":"https:\/\/api.w.org\/{rel}","templated":true}]}}