{"id":3577,"date":"2023-05-18T09:17:53","date_gmt":"2023-05-18T09:17:53","guid":{"rendered":"https:\/\/wordpress-441303-3454160.cloudwaysapps.com\/?p=3577"},"modified":"2023-08-07T17:39:45","modified_gmt":"2023-08-07T15:39:45","slug":"se-avecinan-cambios-para-los-conductores-profesionales","status":"publish","type":"post","link":"https:\/\/www.fagorsmartdata.com\/es\/blog\/se-avecinan-cambios-para-los-conductores-profesionales\/","title":{"rendered":"Se avecinan cambios para los conductores profesionales"},"content":{"rendered":"\t\t<div data-elementor-type=\"wp-post\" data-elementor-id=\"3577\" class=\"elementor elementor-3577\" data-elementor-post-type=\"post\">\n\t\t\t\t<div class=\"elementor-element elementor-element-87bdac9 e-con-full e-flex e-con e-parent\" data-id=\"87bdac9\" data-element_type=\"container\">\n\t\t\t\t<div class=\"elementor-element elementor-element-108ec91 elementor-widget elementor-widget-text-editor\" data-id=\"108ec91\" data-element_type=\"widget\" data-widget_type=\"text-editor.default\">\n\t\t\t\t<div class=\"elementor-widget-container\">\n\t\t\t\t\t\t\t\t\t<div class=\"col-12\"><div class=\"text-center intro aos-init aos-animate\" data-aos=\"fade-up\"><p>El Ministerio de Fomento ha elaborado un proyecto de Real Decreto para ajustarnos a la Directiva europea del Parlamento Europeo y del Consejo&#8230; Fuente: Transporte3<\/p><\/div><\/div><div class=\"col-12\"><div><p>En 2008 entro en vigor el Real Decreto 1032\/2007 que introdujo en Espa\u00f1a la normativa europea por la que se exig\u00eda que para conducir un cami\u00f3n o autob\u00fas adem\u00e1s del carn\u00e9 correspondiente era necesario obtener el llamado CAP o Certificado de Aptitud Profesional.<\/p><p>Ahora el Ministerio de Fomento ha elaborado un proyecto de Real Decreto para ajustarnos a la Directiva europea del Parlamento Europeo y del Consejo tras los \u00faltimos cambios que han surgido en la Directiva 2003\/59 creando la 2018\/645. Se tiene previsto que esta medida una vez se sometido a consulta entre en vigor a mediados de este a\u00f1o.<\/p><p><strong>Cambios que podremos ver con el nuevo proyecto de Real Decreto<\/strong><\/p><ul><li>\u00a0Se exigir\u00e1 tanto en\u00a0<strong>el CAP inicial como en el CAP de renovaci\u00f3n que la formaci\u00f3n sea tanto te\u00f3rica como pr\u00e1ctica,\u00a0<\/strong>ya sea en veh\u00edculo o en un simulador de conducci\u00f3n.<\/li><li>\u00a0<strong>Se eximir\u00e1 de la obligaci\u00f3n de poseer la titulaci\u00f3n CAP a los conductores profesionales que conduzcan veh\u00edculos con autorizaci\u00f3n de transporte privado complementario<\/strong><\/li><li>\u00a0El\u00a0<strong>curso CAP de renovaci\u00f3n<\/strong>\u00a0se compondr\u00e1 de un m\u00f3dulo com\u00fan de 21 horas de formaci\u00f3n m\u00e1s otros m\u00f3dulos optativos en materias diversas (tac\u00f3grafo, carga y estiba, mercanc\u00edas peligrosas, sensibilizaci\u00f3n y educaci\u00f3n vial) hasta completar las<strong>\u00a035 horas de formaci\u00f3n.<\/strong><\/li><li>\u00a0Los alumnos que acrediten haber hecho en los \u00faltimos 12 meses un curso de formaci\u00f3n sectorial (ADR, transporte de animales y otros) tendr\u00e1n derecho a una\u00a0<strong>convalidaci\u00f3n parcial del curso CAP de renovaci\u00f3n<\/strong>.<\/li><li>\u00a0Asimismo a los alumnos que hayan realizado el\u00a0<strong>certificado de profesionalidad como conductor de cami\u00f3n o autob\u00fas se les eximir\u00e1 de realizar la formaci\u00f3n en el CAP inicial,<\/strong>\u00a0si bien deber\u00e1n realizar el examen oficial para obtener el certificado CAP.<\/li><li>\u00a0Se contempla la posibilidad de que una parte de las materias formativas que comprenden el CAP inicial se impartan en<strong>\u00a0modalidad de teleformaci\u00f3n, aproximadamente un 15% del total de horas lectiva<\/strong>s. Asimismo se prev\u00e9 que los Centros puedan impartir la formaci\u00f3n en Aulas M\u00f3viles.<\/li><li>\u00a0Los Centros de Formaci\u00f3n que impartan cursos CAP deber\u00e1n instalar un sistema de\u00a0<strong>control biom\u00e9trico<\/strong>\u00a0para\u00a0<strong>verificar la asistencia real de los alumnos al curso.<\/strong><\/li><\/ul><p>\u00a0<\/p><p>Fuente original:\u00a0<a href=\"https:\/\/www.transporte3.com\/noticia\/14800?b=1\" rel=\"nofollow noopener\" target=\"_blank\">https:\/\/www.transporte3.com\/noticia\/14800?b=1<\/a><\/p><\/div><\/div>\t\t\t\t\t\t\t\t<\/div>\n\t\t\t\t<\/div>\n\t\t\t\t<div class=\"elementor-element elementor-element-a699b26 elementor-widget elementor-widget-image\" data-id=\"a699b26\" data-element_type=\"widget\" data-widget_type=\"image.default\">\n\t\t\t\t<div class=\"elementor-widget-container\">\n\t\t\t\t\t\t\t\t\t\t\t\t\t\t\t<img fetchpriority=\"high\" width=\"515\" height=\"365\" src=\"https:\/\/www.fagorsmartdata.com\/wp-content\/uploads\/2023\/05\/cambios.jpeg\" class=\"attachment-large size-large wp-image-3578\" alt=\"\" srcset=\"https:\/\/www.fagorsmartdata.com\/wp-content\/uploads\/2023\/05\/cambios.jpeg 515w, https:\/\/www.fagorsmartdata.com\/wp-content\/uploads\/2023\/05\/cambios-300x213.jpeg 300w\" sizes=\"(max-width: 515px) 100vw, 515px\" \/>\t\t\t\t\t\t\t\t\t\t\t\t\t\t\t<\/div>\n\t\t\t\t<\/div>\n\t\t\t\t<\/div>\n\t\t\t\t<\/div>\n\t\t","protected":false},"excerpt":{"rendered":"<p>El Ministerio de Fomento ha elaborado un proyecto de Real Decreto para ajustarnos a la Directiva europea del Parlamento Europeo y del Consejo&#8230; Fuente: Transporte3<\/p>\n","protected":false},"author":2,"featured_media":3578,"comment_status":"open","ping_status":"open","sticky":false,"template":"","format":"standard","meta":{"_acf_changed":false,"inline_featured_image":false,"footnotes":""},"categories":[17],"tags":[],"class_list":["post-3577","post","type-post","status-publish","format-standard","has-post-thumbnail","hentry","category-noticias-y-acontecimientos"],"acf":[],"_links":{"self":[{"href":"https:\/\/www.fagorsmartdata.com\/es\/wp-json\/wp\/v2\/posts\/3577","targetHints":{"allow":["GET"]}}],"collection":[{"href":"https:\/\/www.fagorsmartdata.com\/es\/wp-json\/wp\/v2\/posts"}],"about":[{"href":"https:\/\/www.fagorsmartdata.com\/es\/wp-json\/wp\/v2\/types\/post"}],"author":[{"embeddable":true,"href":"https:\/\/www.fagorsmartdata.com\/es\/wp-json\/wp\/v2\/users\/2"}],"replies":[{"embeddable":true,"href":"https:\/\/www.fagorsmartdata.com\/es\/wp-json\/wp\/v2\/comments?post=3577"}],"version-history":[{"count":4,"href":"https:\/\/www.fagorsmartdata.com\/es\/wp-json\/wp\/v2\/posts\/3577\/revisions"}],"predecessor-version":[{"id":3583,"href":"https:\/\/www.fagorsmartdata.com\/es\/wp-json\/wp\/v2\/posts\/3577\/revisions\/3583"}],"wp:featuredmedia":[{"embeddable":true,"href":"https:\/\/www.fagorsmartdata.com\/es\/wp-json\/wp\/v2\/media\/3578"}],"wp:attachment":[{"href":"https:\/\/www.fagorsmartdata.com\/es\/wp-json\/wp\/v2\/media?parent=3577"}],"wp:term":[{"taxonomy":"category","embeddable":true,"href":"https:\/\/www.fagorsmartdata.com\/es\/wp-json\/wp\/v2\/categories?post=3577"},{"taxonomy":"post_tag","embeddable":true,"href":"https:\/\/www.fagorsmartdata.com\/es\/wp-json\/wp\/v2\/tags?post=3577"}],"curies":[{"name":"wp","href":"https:\/\/api.w.org\/{rel}","templated":true}]}}