{"id":3784,"date":"2023-05-18T12:52:31","date_gmt":"2023-05-18T12:52:31","guid":{"rendered":"https:\/\/wordpress-441303-3454160.cloudwaysapps.com\/?p=3784"},"modified":"2023-08-07T17:39:30","modified_gmt":"2023-08-07T15:39:30","slug":"smart_data_services_vuelve_a_la_oficina","status":"publish","type":"post","link":"https:\/\/www.fagorsmartdata.com\/es\/blog\/smart_data_services_vuelve_a_la_oficina\/","title":{"rendered":"Smart Data Services Vuelve a la Oficina"},"content":{"rendered":"\t\t<div data-elementor-type=\"wp-post\" data-elementor-id=\"3784\" class=\"elementor elementor-3784\" data-elementor-post-type=\"post\">\n\t\t\t\t<div class=\"elementor-element elementor-element-d39992b e-con-full e-flex e-con e-parent\" data-id=\"d39992b\" data-element_type=\"container\">\n\t\t\t\t<div class=\"elementor-element elementor-element-a8296c4 elementor-widget elementor-widget-text-editor\" data-id=\"a8296c4\" data-element_type=\"widget\" data-widget_type=\"text-editor.default\">\n\t\t\t\t<div class=\"elementor-widget-container\">\n\t\t\t\t\t\t\t\t\t<div class=\"col-12\"><div class=\"text-center intro aos-init aos-animate\" data-aos=\"fade-up\"><p>Tras varios meses de teletrabajo debido a la crisis del Covid-19, vuelven los trabajadores a sus puestos de trabajo.<\/p><\/div><\/div><div class=\"col-12\"><div><p>El 15 de junio, Smart Data Services vuelve a la normalidad con el retorno de los empleados a sus respectivos puestos de trabajo. Una vez comenz\u00f3 la crisis del Covid-19, la empresa dio prioridad a la salud de sus trabajadores instaurando as\u00ed el teletrabajo en la medida de lo posible, cierto es que el \u00e1rea de producci\u00f3n tuvo que seguir realizando sus labores en el lugar de trabajo por razones log\u00edsticas. Durante estos meses, Smart Data Services ha seguido dando servicio de la misma manera a todos sus clientes y los trabajadores han podido realizar toda la actividad desde sus casas con total normalidad.\u00a0<\/p><p>Hoy, tres meses despu\u00e9s de decretarse el estado de alarma, los trabajadores han regresado a la oficina. Hemos hablado con Ruben, Director Comercial, sobre como fu\u00e9 la adaptaci\u00f3n estos meses y c\u00f3mo afronta la empresa la vuelta a las oficinas.<\/p><\/div><\/div>\t\t\t\t\t\t\t\t<\/div>\n\t\t\t\t<\/div>\n\t\t\t\t<div class=\"elementor-element elementor-element-ab0fe1a elementor-widget elementor-widget-image\" data-id=\"ab0fe1a\" data-element_type=\"widget\" data-widget_type=\"image.default\">\n\t\t\t\t<div class=\"elementor-widget-container\">\n\t\t\t\t\t\t\t\t\t\t\t\t\t\t\t<img fetchpriority=\"high\" width=\"1024\" height=\"819\" src=\"https:\/\/www.fagorsmartdata.com\/wp-content\/uploads\/2023\/05\/covid-oficinas-1024x819.jpeg\" class=\"attachment-large size-large wp-image-3785\" alt=\"\" srcset=\"https:\/\/www.fagorsmartdata.com\/wp-content\/uploads\/2023\/05\/covid-oficinas-1024x819.jpeg 1024w, https:\/\/www.fagorsmartdata.com\/wp-content\/uploads\/2023\/05\/covid-oficinas-300x240.jpeg 300w, https:\/\/www.fagorsmartdata.com\/wp-content\/uploads\/2023\/05\/covid-oficinas-768x614.jpeg 768w, https:\/\/www.fagorsmartdata.com\/wp-content\/uploads\/2023\/05\/covid-oficinas.jpeg 1200w\" sizes=\"(max-width: 1024px) 100vw, 1024px\" \/>\t\t\t\t\t\t\t\t\t\t\t\t\t\t\t<\/div>\n\t\t\t\t<\/div>\n\t\t\t\t<div class=\"elementor-element elementor-element-1b7a6e4 elementor-widget elementor-widget-text-editor\" data-id=\"1b7a6e4\" data-element_type=\"widget\" data-widget_type=\"text-editor.default\">\n\t\t\t\t<div class=\"elementor-widget-container\">\n\t\t\t\t\t\t\t\t\t<p><strong>\u00bfC\u00f3mo ha sido la adaptaci\u00f3n al teletrabajo durante el confinamiento y como hab\u00e9is llevado esta situaci\u00f3n?<\/strong><\/p><p>Los primeros d\u00edas fueron dif\u00edciles, cambiar todas las rutinas de un d\u00eda para otro me cost\u00f3, pero en una semana ya estaba totalmente acostumbrado. Durante este tiempo hemos conseguido coordinarnos de la mejor forma posible para seguir dando respuesta a nuestros clientes.<\/p><p><strong>\u00bfQu\u00e9 rutina\/protocolos de prevenci\u00f3n segu\u00eds en la entrada a la oficina?<\/strong><\/p><p>Nuestro protocolo empieza en nuestros propios domicilios donde debemos tomarnos la temperatura antes de dirigirnos al puesto de trabajo. En el camino al trabajo y como medida com\u00fan para cualquier persona, debemos ir con la mascarilla puesta. En la entrada tenemos un protocolo de acceso donde debemos medirnos la temperatura para asegurar que estamos aptos para trabajar y desinfectarnos las manos antes de entrar en la oficina. Una vez llegados a nuestro puesto de trabajo, podemos retirarnos la mascarilla siempre que mantengamos la distancia con los compa\u00f1eros.<\/p><p>\u00a0<strong>\u00bfC\u00f3mo ha sido la vuelta a la oficina?<\/strong><\/p><p>Extra\u00f1a, sobre todo porque hay muy poca gente trabajando en la zona donde tenemos la oficina, seguro que en las pr\u00f3ximas semanas vamos viendo como otras empresas se reincorporan a sus actividades y empezamos a ver una mayor actividad.<\/p><p><strong>\u00a0\u00bfSe hace raro mantener las distancias dentro de la oficina?<\/strong><\/p><p>S\u00ed, el primer impulso es actuar con la cercan\u00eda que sol\u00edamos antes de la crisis, ahora al haber ampliado estas distancias se hace extra\u00f1o y parece que falta gente, ser\u00e1 cosa de ir acostumbr\u00e1ndose en los pr\u00f3ximos d\u00edas.<\/p><p><strong>\u00bfQu\u00e9 medidas adopt\u00e1is para mantener estas distancias?<\/strong><\/p><p>Hemos ampliado el espacio de la oficina para que nos permita separar m\u00e1s nuestros puestos de trabajo, de forma que se respeten siempre los 2 metros de distancia entre personas. Adem\u00e1s, hemos establecido ciertas normas que limitan el aforo de las salas de reuniones as\u00ed como priorizar, en la medida de lo posible, la utilizaci\u00f3n de v\u00edas telem\u00e1ticas para cualquier interacci\u00f3n con los compa\u00f1eros.<\/p><p>\u00a0<\/p>\t\t\t\t\t\t\t\t<\/div>\n\t\t\t\t<\/div>\n\t\t\t\t<\/div>\n\t\t\t\t<\/div>\n\t\t","protected":false},"excerpt":{"rendered":"<p>Tras varios meses de teletrabajo debido a la crisis del Covid-19, vuelven los trabajadores a sus puestos de trabajo.<\/p>\n","protected":false},"author":2,"featured_media":3785,"comment_status":"open","ping_status":"open","sticky":false,"template":"","format":"standard","meta":{"_acf_changed":false,"inline_featured_image":false,"footnotes":""},"categories":[18,17],"tags":[],"class_list":["post-3784","post","type-post","status-publish","format-standard","has-post-thumbnail","hentry","category-equipo","category-noticias-y-acontecimientos"],"acf":[],"_links":{"self":[{"href":"https:\/\/www.fagorsmartdata.com\/es\/wp-json\/wp\/v2\/posts\/3784","targetHints":{"allow":["GET"]}}],"collection":[{"href":"https:\/\/www.fagorsmartdata.com\/es\/wp-json\/wp\/v2\/posts"}],"about":[{"href":"https:\/\/www.fagorsmartdata.com\/es\/wp-json\/wp\/v2\/types\/post"}],"author":[{"embeddable":true,"href":"https:\/\/www.fagorsmartdata.com\/es\/wp-json\/wp\/v2\/users\/2"}],"replies":[{"embeddable":true,"href":"https:\/\/www.fagorsmartdata.com\/es\/wp-json\/wp\/v2\/comments?post=3784"}],"version-history":[{"count":4,"href":"https:\/\/www.fagorsmartdata.com\/es\/wp-json\/wp\/v2\/posts\/3784\/revisions"}],"predecessor-version":[{"id":3790,"href":"https:\/\/www.fagorsmartdata.com\/es\/wp-json\/wp\/v2\/posts\/3784\/revisions\/3790"}],"wp:featuredmedia":[{"embeddable":true,"href":"https:\/\/www.fagorsmartdata.com\/es\/wp-json\/wp\/v2\/media\/3785"}],"wp:attachment":[{"href":"https:\/\/www.fagorsmartdata.com\/es\/wp-json\/wp\/v2\/media?parent=3784"}],"wp:term":[{"taxonomy":"category","embeddable":true,"href":"https:\/\/www.fagorsmartdata.com\/es\/wp-json\/wp\/v2\/categories?post=3784"},{"taxonomy":"post_tag","embeddable":true,"href":"https:\/\/www.fagorsmartdata.com\/es\/wp-json\/wp\/v2\/tags?post=3784"}],"curies":[{"name":"wp","href":"https:\/\/api.w.org\/{rel}","templated":true}]}}