{"id":3933,"date":"2023-05-18T14:14:11","date_gmt":"2023-05-18T14:14:11","guid":{"rendered":"https:\/\/wordpress-441303-3454160.cloudwaysapps.com\/?p=3933"},"modified":"2023-08-07T17:39:21","modified_gmt":"2023-08-07T15:39:21","slug":"entrevista-a-sergio-cameno","status":"publish","type":"post","link":"https:\/\/www.fagorsmartdata.com\/es\/blog\/entrevista-a-sergio-cameno\/","title":{"rendered":"Entrevista a Sergio Cameno"},"content":{"rendered":"\t\t<div data-elementor-type=\"wp-post\" data-elementor-id=\"3933\" class=\"elementor elementor-3933\" data-elementor-post-type=\"post\">\n\t\t\t\t<div class=\"elementor-element elementor-element-e51c4aa e-con-full e-flex e-con e-parent\" data-id=\"e51c4aa\" data-element_type=\"container\">\n\t\t\t\t<div class=\"elementor-element elementor-element-90f594c elementor-widget elementor-widget-text-editor\" data-id=\"90f594c\" data-element_type=\"widget\" data-widget_type=\"text-editor.default\">\n\t\t\t\t<div class=\"elementor-widget-container\">\n\t\t\t\t\t\t\t\t\t<div class=\"col-12\"><div class=\"text-center intro aos-init aos-animate\" data-aos=\"fade-up\"><p>Entrevistamos a nuestro compa\u00f1ero Sergio Cameno, responsable del \u00e1rea de proyectos, para conocerle un poco mejor y que nos cuente su experiencia en la empresa.<\/p><\/div><\/div><div class=\"col-12\"><div><ol><li><strong>Para quien no te conoce, \u00bfc\u00f3mo te definir\u00edas?<\/strong><\/li><\/ol><p>Me definir\u00eda como una persona sencilla, trabajadora y responsable. Suelo ser bastante t\u00edmido sobre todo al principio.<\/p><p>\u00a0<\/p><ol start=\"2\"><li><strong>\u00bfPuedes hacernos un repaso de tu trayectoria empresarial desde tus comienzos hasta la actualidad?<\/strong><\/li><\/ol><p>Entr\u00e9 en la empresa como becario dentro del departamento de implantaci\u00f3n que se acababa de crear. En ese momento \u00e9ramos dos personas, mi responsable, y yo que era desarrollador. La idea de la creaci\u00f3n del departamento era la de desarrollar funcionalidades personalizadas en funci\u00f3n de los requerimientos de los clientes, que no se encontraban dentro del est\u00e1ndar del producto, como pod\u00edan ser informes personalizados o integraci\u00f3n de nuevos equipos o perif\u00e9ricos. Mi primer desarrollo fue integrar un equipo que comunicara por sat\u00e9lite, para las zonas remotas sin cobertura de Colombia, que requer\u00edan por ley estar localizadas en todo momento por las autoridades locales. M\u00e1s tarde, el departamento fue creciendo y tambi\u00e9n se hizo cargo de las implantaciones de los equipos en los clientes, llevando esas cuentas hasta su paso a postventa. Para ello, se incorporaron al equipo 2 personas y tambi\u00e9n un nuevo desarrollador. Con el tiempo, la demanda fue aumentando y a su vez el equipo creciendo, llegando a ser 5-6 gestores de cliente y 3 desarrolladores en Espa\u00f1a, y una Factor\u00eda de software en Marruecos con otros 3 desarrolladores. En ese momento, pas\u00e9 a ser el responsable de la parte de los desarrollos, compaginando mi nuevo puesto con el de desarrollador, aunque en menor medida. Por \u00faltimo, desde este a\u00f1o, he pasado a liderar el departamento y adem\u00e1s, a liderar la parte de desarrollos y la parte de gesti\u00f3n de clientes, lo que ha desencaminado a un nuevo departamento llamado proyectos.<\/p><p>\u00a0<\/p><ol start=\"3\"><li><strong>\u00bfCu\u00e1l ha sido tu mayor logro en el cargo que desempe\u00f1as?<\/strong><\/li><\/ol><p>Todav\u00eda llevo poco tiempo en mi nuevo puesto y con una situaci\u00f3n global un poco extra\u00f1a debido al Covid. Creo que el mayor logro en este corto periodo de tiempo, ha sido poder encajar las diferentes situaciones que atraviesan nuestros clientes y poder adaptarnos a ellos, ayud\u00e1ndoles a avanzar y a captar nuevos retos.<\/p><p><strong>\u00a0<\/strong><\/p><ol start=\"4\"><li><strong>\u00bfC\u00f3mo es el ambiente de trabajo que hay con tus compa\u00f1eros en la empresa?<\/strong><\/li><\/ol><p>Muy bueno, dir\u00eda que excelente. Muchas tardes y sin falta todos los viernes, quedamos para tomar nuestras cervecitas y algunas veces ir a comer por ah\u00ed. Ahora en verano, que es \u00e9poca de barbacoas, nos juntamos para prepararlas. Tambi\u00e9n damos alg\u00fan paseo en barco ya que tenemos la suerte de que un par de compa\u00f1eros tienen uno y nos llevan por ah\u00ed a pasar el d\u00eda. En invierno, siempre caen unas cuantas comilonas\/cenas en algunos puntos de la regi\u00f3n. Tambi\u00e9n solemos salir despu\u00e9s de fiesta e incluso ir a bailar, aunque para esto ya saben que no tienen que contar conmigo, ya que carezco de coordinaci\u00f3n.<\/p><p><strong>\u00a0<\/strong><\/p><ol start=\"5\"><li><strong>\u00bfQu\u00e9 te gusta hacer en tu tiempo libre?<\/strong><\/li><\/ol><p>De deporte, me gusta practicar sobre todo p\u00e1del y tambi\u00e9n ver f\u00fatbol y deportes de motor (F1, MotoGP\u2026). Tambi\u00e9n me gusta mucho el cine y las series, veo todas las que puedo. Tambi\u00e9n, con varios de mis compa\u00f1eros tenemos una cita casi todos los d\u00edas en la consola (al final estoy todo el d\u00eda con ellos en casa y en el trabajo)<\/p><\/div><\/div>\t\t\t\t\t\t\t\t<\/div>\n\t\t\t\t<\/div>\n\t\t\t\t<div class=\"elementor-element elementor-element-bcdefb9 elementor-widget elementor-widget-image\" data-id=\"bcdefb9\" data-element_type=\"widget\" data-widget_type=\"image.default\">\n\t\t\t\t<div class=\"elementor-widget-container\">\n\t\t\t\t\t\t\t\t\t\t\t\t\t\t\t<img fetchpriority=\"high\" width=\"1024\" height=\"758\" src=\"https:\/\/www.fagorsmartdata.com\/wp-content\/uploads\/2023\/05\/cameno-1024x758.jpeg\" class=\"attachment-large size-large wp-image-3934\" alt=\"\" srcset=\"https:\/\/www.fagorsmartdata.com\/wp-content\/uploads\/2023\/05\/cameno-1024x758.jpeg 1024w, https:\/\/www.fagorsmartdata.com\/wp-content\/uploads\/2023\/05\/cameno-300x222.jpeg 300w, https:\/\/www.fagorsmartdata.com\/wp-content\/uploads\/2023\/05\/cameno-768x568.jpeg 768w, https:\/\/www.fagorsmartdata.com\/wp-content\/uploads\/2023\/05\/cameno.jpeg 1200w\" sizes=\"(max-width: 1024px) 100vw, 1024px\" \/>\t\t\t\t\t\t\t\t\t\t\t\t\t\t\t<\/div>\n\t\t\t\t<\/div>\n\t\t\t\t<\/div>\n\t\t\t\t<\/div>\n\t\t","protected":false},"excerpt":{"rendered":"<p>Entrevistamos a nuestro compa\u00f1ero Sergio Cameno, responsable del \u00e1rea de proyectos, para conocerle un poco mejor y que nos cuente su experiencia en la empresa.<\/p>\n","protected":false},"author":2,"featured_media":3934,"comment_status":"open","ping_status":"open","sticky":false,"template":"","format":"standard","meta":{"_acf_changed":false,"inline_featured_image":false,"footnotes":""},"categories":[15,18],"tags":[],"class_list":["post-3933","post","type-post","status-publish","format-standard","has-post-thumbnail","hentry","category-articulos-interesantes","category-equipo"],"acf":[],"_links":{"self":[{"href":"https:\/\/www.fagorsmartdata.com\/es\/wp-json\/wp\/v2\/posts\/3933","targetHints":{"allow":["GET"]}}],"collection":[{"href":"https:\/\/www.fagorsmartdata.com\/es\/wp-json\/wp\/v2\/posts"}],"about":[{"href":"https:\/\/www.fagorsmartdata.com\/es\/wp-json\/wp\/v2\/types\/post"}],"author":[{"embeddable":true,"href":"https:\/\/www.fagorsmartdata.com\/es\/wp-json\/wp\/v2\/users\/2"}],"replies":[{"embeddable":true,"href":"https:\/\/www.fagorsmartdata.com\/es\/wp-json\/wp\/v2\/comments?post=3933"}],"version-history":[{"count":4,"href":"https:\/\/www.fagorsmartdata.com\/es\/wp-json\/wp\/v2\/posts\/3933\/revisions"}],"predecessor-version":[{"id":3939,"href":"https:\/\/www.fagorsmartdata.com\/es\/wp-json\/wp\/v2\/posts\/3933\/revisions\/3939"}],"wp:featuredmedia":[{"embeddable":true,"href":"https:\/\/www.fagorsmartdata.com\/es\/wp-json\/wp\/v2\/media\/3934"}],"wp:attachment":[{"href":"https:\/\/www.fagorsmartdata.com\/es\/wp-json\/wp\/v2\/media?parent=3933"}],"wp:term":[{"taxonomy":"category","embeddable":true,"href":"https:\/\/www.fagorsmartdata.com\/es\/wp-json\/wp\/v2\/categories?post=3933"},{"taxonomy":"post_tag","embeddable":true,"href":"https:\/\/www.fagorsmartdata.com\/es\/wp-json\/wp\/v2\/tags?post=3933"}],"curies":[{"name":"wp","href":"https:\/\/api.w.org\/{rel}","templated":true}]}}