{"id":4042,"date":"2023-05-19T06:33:29","date_gmt":"2023-05-19T06:33:29","guid":{"rendered":"https:\/\/wordpress-441303-3454160.cloudwaysapps.com\/?p=4042"},"modified":"2023-08-07T17:39:13","modified_gmt":"2023-08-07T15:39:13","slug":"entrevista-a-enrique-pachon","status":"publish","type":"post","link":"https:\/\/www.fagorsmartdata.com\/es\/blog\/entrevista-a-enrique-pachon\/","title":{"rendered":"Entrevista a Enrique Pach\u00f3n"},"content":{"rendered":"\t\t<div data-elementor-type=\"wp-post\" data-elementor-id=\"4042\" class=\"elementor elementor-4042\" data-elementor-post-type=\"post\">\n\t\t\t\t<div class=\"elementor-element elementor-element-a3bde46 e-con-full e-flex e-con e-parent\" data-id=\"a3bde46\" data-element_type=\"container\">\n\t\t\t\t<div class=\"elementor-element elementor-element-3b58a06 elementor-widget elementor-widget-text-editor\" data-id=\"3b58a06\" data-element_type=\"widget\" data-widget_type=\"text-editor.default\">\n\t\t\t\t<div class=\"elementor-widget-container\">\n\t\t\t\t\t\t\t\t\t<div class=\"col-12\"><div class=\"text-center intro aos-init aos-animate\" data-aos=\"fade-up\"><p>Entrevistamos a nuestro compa\u00f1ero Enrique Pach\u00f3n, responsable comercial en Colombia. Queremos agradecerle que nos haya concedido unos minutos para contestarnos a estas preguntas.<\/p><\/div><\/div><div class=\"col-12\"><div><ol><li><strong>Para quien no te conoce, \u00bfc\u00f3mo te definir\u00edas?<\/strong><strong>\u00a0<\/strong><\/li><\/ol><p>Me considero una persona\u00a0activa, comprometida, creativa y resiliente. Mi temperamento es tranquilo, racional y anal\u00edtico. Soy elocuente y muy respetuoso con los dem\u00e1s.<\/p><p>\u00a0<\/p><ol start=\"2\"><li><strong>\u00bfPuedes hacernos un repaso de tu trayectoria empresarial desde tus comienzos hasta la actualidad?<\/strong><\/li><\/ol><p>Soy Ingeniero Mec\u00e1nico. Me inici\u00e9 en Praco Didacol, en la divisi\u00f3n de posventa de maquinaria pesada. Me contrataron para la administraci\u00f3n del sistema de gesti\u00f3n de flotas KOMTRAX propio de la marca Komatsu. Con esta herramienta dise\u00f1amos un modelo de gesti\u00f3n centrado en la disponibilidad y productividad de las m\u00e1quinas y desarrollamos indicadores de gesti\u00f3n que luego revis\u00e1bamos mes a mes, con interlocutores de alto nivel de los clientes para facilitar la toma de decisiones. La estrategia tuvo excelentes resultados para el cliente y espec\u00edficamente para la fidelizaci\u00f3n de la marca. \u00a0Por tanto, modelamos una peque\u00f1a unidad\u00a0de negocio llamada SkyTracking, la cual se encarg\u00f3 de impulsar el mismo nivel de servicio en otras marcas representadas como Mack e Hino.<\/p><p>Iniciamos contratando empresas de telem\u00e1tica locales y en el a\u00f1o 2012 decidimos saltar a representar una f\u00e1brica de telem\u00e1tica, logrando una alianza de alto nivel con Fagor Electr\u00f3nica, FlotasNet. Fui responsable de la gesti\u00f3n administrativa, t\u00e9cnica y comercial hasta el 2017, y desde entonces me he dedicado a direcci\u00f3n comercial del negocio.<\/p><p>En resumen, mi trayectoria de 13 a\u00f1os es haber acompa\u00f1ado un proyecto de pr\u00e1ctica universitaria hasta lo que hoy se consolida como una nueva empresa, Fagor Electr\u00f3nica Colombia.<\/p><p>\u00a0<\/p><ol start=\"3\"><li><strong>\u00bfCu\u00e1l ha sido tu mayor logro en el cargo que desempe\u00f1as?<\/strong><strong>\u00a0<\/strong><\/li><\/ol><p>Es una pregunta dif\u00edcil. Pienso en grandes cuentas captadas como Construcciones el Condor, Alianza MEI y Bellanita. Tambi\u00e9n me siento orgulloso y muy contento del actual equipo comercial y de formar parte de Fagor Colombia.<\/p><p><strong>\u00a0<\/strong><\/p><ol start=\"4\"><li><strong>\u00bfC\u00f3mo es el ambiente de trabajo que hay con tus compa\u00f1eros en la empresa?<\/strong><strong>\u00a0<\/strong><\/li><\/ol><p>La situaci\u00f3n de aislamiento sumado a la constituci\u00f3n de Fagor Colombia nos limita. Sin embargo, enfocado en los espacios que compartimos d\u00eda a d\u00eda, considero que tenemos un ambiente de cordialidad, respeto y buen humor.<\/p><p>\u00a0<\/p><ol start=\"5\"><li><strong>\u00bfQu\u00e9 te gusta hacer en tu tiempo libre?<\/strong><\/li><\/ol><p>Soy un hombre de familia, dedico gran parte de mi tiempo libre a compartirlo con mi esposa, mis hijos y mis suegros. Practico el catolicismo as\u00ed que busco algo de tiempo para la oraci\u00f3n. No soy muy deportista as\u00ed que practico solamente cardio. Soy aficionado a la guitarra, el telescopio, las pel\u00edculas y extra\u00f1o much\u00edsimo el turismo, me encanta viajar.<\/p><\/div><\/div>\t\t\t\t\t\t\t\t<\/div>\n\t\t\t\t<\/div>\n\t\t\t\t<div class=\"elementor-element elementor-element-84bde23 elementor-widget elementor-widget-image\" data-id=\"84bde23\" data-element_type=\"widget\" data-widget_type=\"image.default\">\n\t\t\t\t<div class=\"elementor-widget-container\">\n\t\t\t\t\t\t\t\t\t\t\t\t\t\t\t<img fetchpriority=\"high\" width=\"768\" height=\"768\" src=\"https:\/\/www.fagorsmartdata.com\/wp-content\/uploads\/2023\/05\/enrique_pachon_entrevista1.jpeg\" class=\"attachment-large size-large wp-image-4043\" alt=\"\" srcset=\"https:\/\/www.fagorsmartdata.com\/wp-content\/uploads\/2023\/05\/enrique_pachon_entrevista1.jpeg 768w, https:\/\/www.fagorsmartdata.com\/wp-content\/uploads\/2023\/05\/enrique_pachon_entrevista1-300x300.jpeg 300w, https:\/\/www.fagorsmartdata.com\/wp-content\/uploads\/2023\/05\/enrique_pachon_entrevista1-150x150.jpeg 150w\" sizes=\"(max-width: 768px) 100vw, 768px\" \/>\t\t\t\t\t\t\t\t\t\t\t\t\t\t\t<\/div>\n\t\t\t\t<\/div>\n\t\t\t\t<\/div>\n\t\t\t\t<\/div>\n\t\t","protected":false},"excerpt":{"rendered":"<p>Entrevistamos a nuestro compa\u00f1ero Enrique Pach\u00f3n, responsable comercial en Colombia. Queremos agradecerle que nos haya concedido unos minutos para contestarnos a estas preguntas.<\/p>\n","protected":false},"author":2,"featured_media":7391,"comment_status":"open","ping_status":"open","sticky":false,"template":"","format":"standard","meta":{"_acf_changed":false,"inline_featured_image":false,"footnotes":""},"categories":[15,18],"tags":[],"class_list":["post-4042","post","type-post","status-publish","format-standard","has-post-thumbnail","hentry","category-articulos-interesantes","category-equipo"],"acf":[],"_links":{"self":[{"href":"https:\/\/www.fagorsmartdata.com\/es\/wp-json\/wp\/v2\/posts\/4042","targetHints":{"allow":["GET"]}}],"collection":[{"href":"https:\/\/www.fagorsmartdata.com\/es\/wp-json\/wp\/v2\/posts"}],"about":[{"href":"https:\/\/www.fagorsmartdata.com\/es\/wp-json\/wp\/v2\/types\/post"}],"author":[{"embeddable":true,"href":"https:\/\/www.fagorsmartdata.com\/es\/wp-json\/wp\/v2\/users\/2"}],"replies":[{"embeddable":true,"href":"https:\/\/www.fagorsmartdata.com\/es\/wp-json\/wp\/v2\/comments?post=4042"}],"version-history":[{"count":5,"href":"https:\/\/www.fagorsmartdata.com\/es\/wp-json\/wp\/v2\/posts\/4042\/revisions"}],"predecessor-version":[{"id":7394,"href":"https:\/\/www.fagorsmartdata.com\/es\/wp-json\/wp\/v2\/posts\/4042\/revisions\/7394"}],"wp:featuredmedia":[{"embeddable":true,"href":"https:\/\/www.fagorsmartdata.com\/es\/wp-json\/wp\/v2\/media\/7391"}],"wp:attachment":[{"href":"https:\/\/www.fagorsmartdata.com\/es\/wp-json\/wp\/v2\/media?parent=4042"}],"wp:term":[{"taxonomy":"category","embeddable":true,"href":"https:\/\/www.fagorsmartdata.com\/es\/wp-json\/wp\/v2\/categories?post=4042"},{"taxonomy":"post_tag","embeddable":true,"href":"https:\/\/www.fagorsmartdata.com\/es\/wp-json\/wp\/v2\/tags?post=4042"}],"curies":[{"name":"wp","href":"https:\/\/api.w.org\/{rel}","templated":true}]}}