{"id":4717,"date":"2023-05-24T13:57:57","date_gmt":"2023-05-24T13:57:57","guid":{"rendered":"https:\/\/wordpress-441303-3454160.cloudwaysapps.com\/?p=4717"},"modified":"2023-08-07T17:38:41","modified_gmt":"2023-08-07T15:38:41","slug":"entrevista-a-eduardo-martin","status":"publish","type":"post","link":"https:\/\/www.fagorsmartdata.com\/es\/blog\/entrevista-a-eduardo-martin\/","title":{"rendered":"Entrevista a Eduardo Mart\u00edn"},"content":{"rendered":"\t\t<div data-elementor-type=\"wp-post\" data-elementor-id=\"4717\" class=\"elementor elementor-4717\" data-elementor-post-type=\"post\">\n\t\t\t\t<div class=\"elementor-element elementor-element-0de67c8 e-con-full e-flex e-con e-parent\" data-id=\"0de67c8\" data-element_type=\"container\">\n\t\t\t\t<div class=\"elementor-element elementor-element-deaf8df elementor-widget elementor-widget-text-editor\" data-id=\"deaf8df\" data-element_type=\"widget\" data-widget_type=\"text-editor.default\">\n\t\t\t\t<div class=\"elementor-widget-container\">\n\t\t\t\t\t\t\t\t\t<div class=\"col-12\"><div class=\"text-center intro aos-init aos-animate\" data-aos=\"fade-up\"><p>Entrevistamos a nuestro compa\u00f1ero Eduardo Mart\u00edn, Gestor de Proyectos, para conocerle un poco mejor y que nos cuente su experiencia en la empresa.<\/p><\/div><\/div><div class=\"col-12\"><div><ol><li><strong>Para quien no te conoce, \u00bfc\u00f3mo te definir\u00edas?<\/strong><\/li><\/ol><p>Me considero una persona alegre y responsable, aunque un poco impaciente. Soy bastante extrovertido y me encanta generar un buen ambiente de trabajo para que todo el mundo se encuentre m\u00e1s c\u00f3modo.<\/p><p>\u00a0<\/p><ol start=\"2\"><li><strong>\u00bfPuedes hacernos un repaso de tu trayectoria empresarial desde tus comienzos hasta la actualidad?<\/strong><\/li><\/ol><p>Fagor ha sido mi primera y \u00fanica experiencia laboral. Empec\u00e9 hace ya casi 5 a\u00f1os con una beca de pr\u00e1cticas como t\u00e9cnico en el departamento de implantaci\u00f3n de proyectos, en la cual aprend\u00ed a gestionar a clientes peque\u00f1os sobre todo en temas t\u00e9cnicos y de gesti\u00f3n de nuestra plataforma. Una vez finalizada esa etapa, me ascendieron a Gestor de Proyectos, encarg\u00e1ndome de parte de los proyectos internacionales centrados en el mercado latinoamericano, y este \u00faltimo a\u00f1o dedic\u00e1ndome a proyectos en el \u00e1mbito nacional. En el nuevo puesto de trabajo mi labor pas\u00f3 a tratar m\u00e1s con el cliente desde un principio, entiendo sus necesidades tecnol\u00f3gicas para definir y gestionar de forma satisfactoria los nuevos proyectos.<\/p><p>\u00a0<\/p><ol start=\"3\"><li><strong>\u00bfCu\u00e1l ha sido tu mayor logro en el cargo que desempe\u00f1as?<\/strong><\/li><\/ol><p>Uno de mis mayores logros ha sido poder viajar a Latinoam\u00e9rica y liderar proyectos muy interesantes dedicados al sector del transporte urbano. Estar en otro pa\u00eds y trabajar con gente de diferentes nacionalidades es muy enriquecedor a nivel personal y laboral ya que se aprenden un mont\u00f3n de cosas.<\/p><p>\u00a0<\/p><ol start=\"4\"><li><strong>\u00bfC\u00f3mo es el ambiente de trabajo que hay con tus compa\u00f1eros en la empresa?<\/strong><\/li><\/ol><p>Yo dir\u00eda que el ambiente es excelente, al final somos un grupo de gente joven que lleva mucho tiempo junta (y eso que yo soy de los \u00faltimos casi, llevando 5 a\u00f1os) y al final eso se nota en el d\u00eda a d\u00eda, el buen rollo que hay y la predisposici\u00f3n para ayudarse unos a otros.<\/p><p><strong>\u00a0<\/strong><\/p><ol start=\"5\"><li><strong>\u00bfQu\u00e9 te gusta hacer en tu tiempo libre?<\/strong><\/li><\/ol><p>Soy una persona bastante sencilla a la que le gusta hacer deporte. Ahora me he metido en el mundillo del crossfit y del p\u00e1del y cuando hay un poco de nieve me gusta subir a hacer snowboard. Tambi\u00e9n me gusta estar tranquilo en casa viendo series o jugando un rato a la playstation con alg\u00fan compa\u00f1ero de trabajo (hay un par de ellos bastante viciados jajaja).<\/p><p>Por lo dem\u00e1s soy una persona bastante social, me encanta pasar tiempo con mi gente ya sea tomando algo en un bar o viajando, aunque ahora con el COVID nos lo han puesto un poco dif\u00edcil.<\/p><\/div><\/div>\t\t\t\t\t\t\t\t<\/div>\n\t\t\t\t<\/div>\n\t\t\t\t<div class=\"elementor-element elementor-element-ac853af elementor-widget elementor-widget-image\" data-id=\"ac853af\" data-element_type=\"widget\" data-widget_type=\"image.default\">\n\t\t\t\t<div class=\"elementor-widget-container\">\n\t\t\t\t\t\t\t\t\t\t\t\t\t\t\t<img fetchpriority=\"high\" width=\"1024\" height=\"1024\" src=\"https:\/\/www.fagorsmartdata.com\/wp-content\/uploads\/2023\/05\/foto_edu_entrevista1-1024x1024.jpg\" class=\"attachment-large size-large wp-image-4718\" alt=\"\" srcset=\"https:\/\/www.fagorsmartdata.com\/wp-content\/uploads\/2023\/05\/foto_edu_entrevista1-1024x1024.jpg 1024w, https:\/\/www.fagorsmartdata.com\/wp-content\/uploads\/2023\/05\/foto_edu_entrevista1-300x300.jpg 300w, https:\/\/www.fagorsmartdata.com\/wp-content\/uploads\/2023\/05\/foto_edu_entrevista1-150x150.jpg 150w, https:\/\/www.fagorsmartdata.com\/wp-content\/uploads\/2023\/05\/foto_edu_entrevista1-768x768.jpg 768w, https:\/\/www.fagorsmartdata.com\/wp-content\/uploads\/2023\/05\/foto_edu_entrevista1-1536x1536.jpg 1536w, https:\/\/www.fagorsmartdata.com\/wp-content\/uploads\/2023\/05\/foto_edu_entrevista1-2048x2048.jpg 2048w\" sizes=\"(max-width: 1024px) 100vw, 1024px\" \/>\t\t\t\t\t\t\t\t\t\t\t\t\t\t\t<\/div>\n\t\t\t\t<\/div>\n\t\t\t\t<\/div>\n\t\t\t\t<\/div>\n\t\t","protected":false},"excerpt":{"rendered":"<p>Entrevistamos a nuestro compa\u00f1ero Eduardo Mart\u00edn, Gestor de Proyectos, para conocerle un poco mejor y que nos cuente su experiencia en la empresa.<\/p>\n","protected":false},"author":2,"featured_media":4718,"comment_status":"open","ping_status":"open","sticky":false,"template":"","format":"standard","meta":{"_acf_changed":false,"inline_featured_image":false,"footnotes":""},"categories":[17],"tags":[],"class_list":["post-4717","post","type-post","status-publish","format-standard","has-post-thumbnail","hentry","category-noticias-y-acontecimientos"],"acf":[],"_links":{"self":[{"href":"https:\/\/www.fagorsmartdata.com\/es\/wp-json\/wp\/v2\/posts\/4717","targetHints":{"allow":["GET"]}}],"collection":[{"href":"https:\/\/www.fagorsmartdata.com\/es\/wp-json\/wp\/v2\/posts"}],"about":[{"href":"https:\/\/www.fagorsmartdata.com\/es\/wp-json\/wp\/v2\/types\/post"}],"author":[{"embeddable":true,"href":"https:\/\/www.fagorsmartdata.com\/es\/wp-json\/wp\/v2\/users\/2"}],"replies":[{"embeddable":true,"href":"https:\/\/www.fagorsmartdata.com\/es\/wp-json\/wp\/v2\/comments?post=4717"}],"version-history":[{"count":7,"href":"https:\/\/www.fagorsmartdata.com\/es\/wp-json\/wp\/v2\/posts\/4717\/revisions"}],"predecessor-version":[{"id":4726,"href":"https:\/\/www.fagorsmartdata.com\/es\/wp-json\/wp\/v2\/posts\/4717\/revisions\/4726"}],"wp:featuredmedia":[{"embeddable":true,"href":"https:\/\/www.fagorsmartdata.com\/es\/wp-json\/wp\/v2\/media\/4718"}],"wp:attachment":[{"href":"https:\/\/www.fagorsmartdata.com\/es\/wp-json\/wp\/v2\/media?parent=4717"}],"wp:term":[{"taxonomy":"category","embeddable":true,"href":"https:\/\/www.fagorsmartdata.com\/es\/wp-json\/wp\/v2\/categories?post=4717"},{"taxonomy":"post_tag","embeddable":true,"href":"https:\/\/www.fagorsmartdata.com\/es\/wp-json\/wp\/v2\/tags?post=4717"}],"curies":[{"name":"wp","href":"https:\/\/api.w.org\/{rel}","templated":true}]}}