{"id":5184,"date":"2023-05-25T15:02:13","date_gmt":"2023-05-25T15:02:13","guid":{"rendered":"https:\/\/wordpress-441303-3454160.cloudwaysapps.com\/?p=5184"},"modified":"2023-08-07T17:38:20","modified_gmt":"2023-08-07T15:38:20","slug":"entrevista-a-david-castanedo","status":"publish","type":"post","link":"https:\/\/www.fagorsmartdata.com\/es\/blog\/entrevista-a-david-castanedo\/","title":{"rendered":"Entrevista a David Castanedo"},"content":{"rendered":"\t\t<div data-elementor-type=\"wp-post\" data-elementor-id=\"5184\" class=\"elementor elementor-5184\" data-elementor-post-type=\"post\">\n\t\t\t\t<div class=\"elementor-element elementor-element-b9e8f83 e-con-full e-flex e-con e-parent\" data-id=\"b9e8f83\" data-element_type=\"container\">\n\t\t\t\t<div class=\"elementor-element elementor-element-791d9eb elementor-widget elementor-widget-text-editor\" data-id=\"791d9eb\" data-element_type=\"widget\" data-widget_type=\"text-editor.default\">\n\t\t\t\t<div class=\"elementor-widget-container\">\n\t\t\t\t\t\t\t\t\t<div class=\"col-12\"><div class=\"text-center intro aos-init aos-animate\" data-aos=\"fade-up\"><p>Entrevistamos a nuestro compa\u00f1ero David Castanedo, gestor de proyectos. Queremos agradecerle que nos haya concedido unos minutos para contestarnos a estas preguntas.<\/p><\/div><\/div><div class=\"col-12\"><div><ol><li><strong>Para quien no te conoce, \u00bfc\u00f3mo te definir\u00edas?<\/strong><\/li><\/ol><p>Me considero una persona trabajadora, humilde y luchadora. En el terreno personal suelo ser reservado e incluso introvertido en un primer momento, pero eso cambia en cuanto hablo dos veces con la misma persona. Me tomo muy en serio mi trabajo y bajo presi\u00f3n soy un \u201cagon\u00edas-optimista\u201d, as\u00ed que, si un d\u00eda me ves con el ce\u00f1o fruncido, no te preocupes, no es nada personal. Ser as\u00ed me ha ayudado a superar grandes retos.<\/p><p>\u00a0<\/p><ol start=\"2\"><li><strong>\u00bfPuedes hacernos un repaso de tu trayectoria empresarial desde tus comienzos hasta la actualidad?<\/strong><\/li><\/ol><p>Antes de entrar en Fagor tuve varios trabajos, desde repartidor de pizzas hasta programador. En Fagor comenc\u00e9 en el servicio de atenci\u00f3n al cliente y en esa etapa aprend\u00ed much\u00edsimo. Realizaba el proceso completo desde asesorar al departamento comercial sobre la soluci\u00f3n adecuada para un cliente, la preparaci\u00f3n y env\u00edo de equipos, formaci\u00f3n y servicio posventa cuando todo estaba implantado. El negocio fue creciendo tanto en clientes como en personal y mis labores se centraron en responsabilizarme de las implantaciones de los nuevos proyectos.\u00a0<\/p><p>Lleg\u00f3 el momento de expandirnos a Latinoam\u00e9rica y esta etapa ha sido muy importante para mi crecimiento tanto personal como laboral.<\/p><p>Actualmente llevo la gesti\u00f3n t\u00e9cnico-comercial de uno de nuestros principales clientes de Smartdata Car. Es un gran reto que exige tu mejor versi\u00f3n cada d\u00eda.<\/p><p><strong>\u00a0<\/strong><\/p><ol start=\"3\"><li><strong>\u00bfCu\u00e1l ha sido tu mayor logro en el cargo que desempe\u00f1as?<\/strong><\/li><\/ol><p>A t\u00edtulo personal mi mayor logro ha sido liderar un proyecto de tanta envergadura, aunque me robe muchas horas de sue\u00f1o.<\/p><p>A nivel general, el mayor logro es formar parte del crecimiento del negocio y ver como con adaptaci\u00f3n y esfuerzo hemos conseguido tanto\u2026 \u00a1y lo que nos queda por conseguir!.<\/p><p><strong>\u00a0<\/strong><\/p><ol start=\"4\"><li><strong>\u00bfC\u00f3mo es el ambiente de trabajo que hay con tus compa\u00f1eros en la empresa?<\/strong><\/li><\/ol><p>En general se respira un ambiente buen\u00edsimo. Como norma general siempre hay compa\u00f1e@s que te sacan una sonrisa y a pesar de que es imposible caer bien a todos y cada uno de tus compa\u00f1eros, impera el respeto entre todos nosotros. Alg\u00fan que otro roce hay sobre todo en momentos en los que las situaciones laborales exigen decisiones dif\u00edciles.<\/p><p>Algo que nunca me cansar\u00e9 de agradecer son los compa\u00f1er@s que tengo y tuve a lo largo de mi carrera profesional, cuya inestimable ayuda, me ha hecho llegar a donde estoy.<\/p><p>\u00a0<\/p><ol start=\"5\"><li><strong>\u00bfQu\u00e9 te gusta hacer en tu tiempo libre?<\/strong><\/li><\/ol><p>Tengo muchos hobbies como viajar, la bici, las motos, ver deportes de motor, tocar la guitarra, la mec\u00e1nica, aunque \u00faltimamente cada vez me da m\u00e1s pereza\u2026 pero no destacar\u00eda ninguno por encima de los otros.<\/p><p>En mi tiempo libre me gusta sobre todo disfrutar del mar al m\u00e1ximo, siempre y cuando el clima y la temperatura del agua lo permitan. Me gusta mucho salir a navegar a vela por la tranquilidad que me transmite.<\/p><p>Tambi\u00e9n es f\u00e1cil encontrarme tomando el sol con una cerveza a mi lado o con amig@s y compa\u00f1er@s.<\/p><\/div><\/div><div class=\"col-12\">\u00a0<\/div>\t\t\t\t\t\t\t\t<\/div>\n\t\t\t\t<\/div>\n\t\t\t\t<div class=\"elementor-element elementor-element-1c5e9db elementor-widget elementor-widget-image\" data-id=\"1c5e9db\" data-element_type=\"widget\" data-widget_type=\"image.default\">\n\t\t\t\t<div class=\"elementor-widget-container\">\n\t\t\t\t\t\t\t\t\t\t\t\t\t\t\t<img fetchpriority=\"high\" width=\"1024\" height=\"1024\" src=\"https:\/\/www.fagorsmartdata.com\/wp-content\/uploads\/2023\/05\/entrevista_david_castanedo_instagram4-scaled-e1687446559336-1024x1024.jpg\" class=\"attachment-large size-large wp-image-5185\" alt=\"Entrevista a David Castanedo\" srcset=\"https:\/\/www.fagorsmartdata.com\/wp-content\/uploads\/2023\/05\/entrevista_david_castanedo_instagram4-scaled-e1687446559336-1024x1024.jpg 1024w, https:\/\/www.fagorsmartdata.com\/wp-content\/uploads\/2023\/05\/entrevista_david_castanedo_instagram4-scaled-e1687446559336-300x300.jpg 300w, https:\/\/www.fagorsmartdata.com\/wp-content\/uploads\/2023\/05\/entrevista_david_castanedo_instagram4-scaled-e1687446559336-150x150.jpg 150w, https:\/\/www.fagorsmartdata.com\/wp-content\/uploads\/2023\/05\/entrevista_david_castanedo_instagram4-scaled-e1687446559336-768x768.jpg 768w, https:\/\/www.fagorsmartdata.com\/wp-content\/uploads\/2023\/05\/entrevista_david_castanedo_instagram4-scaled-e1687446559336-1536x1536.jpg 1536w, https:\/\/www.fagorsmartdata.com\/wp-content\/uploads\/2023\/05\/entrevista_david_castanedo_instagram4-scaled-e1687446559336-2048x2048.jpg 2048w\" sizes=\"(max-width: 1024px) 100vw, 1024px\" \/>\t\t\t\t\t\t\t\t\t\t\t\t\t\t\t<\/div>\n\t\t\t\t<\/div>\n\t\t\t\t<\/div>\n\t\t\t\t<\/div>\n\t\t","protected":false},"excerpt":{"rendered":"<p>Entrevistamos a nuestro compa\u00f1ero David Castanedo, gestor de proyectos. Queremos agradecerle que nos haya concedido unos minutos para contestarnos a estas preguntas.<\/p>\n","protected":false},"author":2,"featured_media":7355,"comment_status":"open","ping_status":"open","sticky":false,"template":"","format":"standard","meta":{"_acf_changed":false,"inline_featured_image":false,"footnotes":""},"categories":[15,18],"tags":[],"class_list":["post-5184","post","type-post","status-publish","format-standard","has-post-thumbnail","hentry","category-articulos-interesantes","category-equipo"],"acf":[],"_links":{"self":[{"href":"https:\/\/www.fagorsmartdata.com\/es\/wp-json\/wp\/v2\/posts\/5184","targetHints":{"allow":["GET"]}}],"collection":[{"href":"https:\/\/www.fagorsmartdata.com\/es\/wp-json\/wp\/v2\/posts"}],"about":[{"href":"https:\/\/www.fagorsmartdata.com\/es\/wp-json\/wp\/v2\/types\/post"}],"author":[{"embeddable":true,"href":"https:\/\/www.fagorsmartdata.com\/es\/wp-json\/wp\/v2\/users\/2"}],"replies":[{"embeddable":true,"href":"https:\/\/www.fagorsmartdata.com\/es\/wp-json\/wp\/v2\/comments?post=5184"}],"version-history":[{"count":5,"href":"https:\/\/www.fagorsmartdata.com\/es\/wp-json\/wp\/v2\/posts\/5184\/revisions"}],"predecessor-version":[{"id":7358,"href":"https:\/\/www.fagorsmartdata.com\/es\/wp-json\/wp\/v2\/posts\/5184\/revisions\/7358"}],"wp:featuredmedia":[{"embeddable":true,"href":"https:\/\/www.fagorsmartdata.com\/es\/wp-json\/wp\/v2\/media\/7355"}],"wp:attachment":[{"href":"https:\/\/www.fagorsmartdata.com\/es\/wp-json\/wp\/v2\/media?parent=5184"}],"wp:term":[{"taxonomy":"category","embeddable":true,"href":"https:\/\/www.fagorsmartdata.com\/es\/wp-json\/wp\/v2\/categories?post=5184"},{"taxonomy":"post_tag","embeddable":true,"href":"https:\/\/www.fagorsmartdata.com\/es\/wp-json\/wp\/v2\/tags?post=5184"}],"curies":[{"name":"wp","href":"https:\/\/api.w.org\/{rel}","templated":true}]}}