{"id":5604,"date":"2023-05-26T11:46:14","date_gmt":"2023-05-26T09:46:14","guid":{"rendered":"https:\/\/wordpress-441303-3454160.cloudwaysapps.com\/?p=5604"},"modified":"2023-08-07T17:37:58","modified_gmt":"2023-08-07T15:37:58","slug":"entrevista-a-adrian-sainz","status":"publish","type":"post","link":"https:\/\/www.fagorsmartdata.com\/es\/blog\/entrevista-a-adrian-sainz\/","title":{"rendered":"Entrevista a Adri\u00e1n Sainz"},"content":{"rendered":"\t\t<div data-elementor-type=\"wp-post\" data-elementor-id=\"5604\" class=\"elementor elementor-5604\" data-elementor-post-type=\"post\">\n\t\t\t\t<div class=\"elementor-element elementor-element-44f2b41 e-con-full e-flex e-con e-parent\" data-id=\"44f2b41\" data-element_type=\"container\">\n\t\t\t\t<div class=\"elementor-element elementor-element-1c33c72 elementor-widget elementor-widget-text-editor\" data-id=\"1c33c72\" data-element_type=\"widget\" data-widget_type=\"text-editor.default\">\n\t\t\t\t<div class=\"elementor-widget-container\">\n\t\t\t\t\t\t\t\t\t<div class=\"col-12\"><div class=\"text-center intro aos-init aos-animate\" data-aos=\"fade-up\"><p>Entrevistamos a nuestro compa\u00f1ero Adri\u00e1n Sainz, administrador de sistemas. Queremos agradecerle su disponibilidad y que nos haya concedido unos minutos para contestarnos a estas preguntas para poder conocerle un poco mejor.<\/p><\/div><\/div><div class=\"col-12\"><div><ol><li><strong>Para quien no te conoce, \u00bfc\u00f3mo te definir\u00edas?<\/strong><\/li><\/ol><p>Me definir\u00eda como un chico extrovertido, simp\u00e1tico y sobre todo, buena persona. Parece que lo est\u00e9 escribiendo mi madre, pero no&#8230; siempre me ver\u00e1s con una sonrisa en la cara (excepto si me caes mal). Tambi\u00e9n a veces soy bastante cabezota y creo que siempre tengo la raz\u00f3n. Aunque s\u00e9 rectificar a tiempo, que dicen que es de sabios\u2026 nadie es perfecto\u00a0<\/p><p>\u00a0<\/p><ol start=\"2\"><li><strong>\u00bfPuedes hacernos un repaso de tu trayectoria empresarial desde tus comienzos hasta la actualidad?<\/strong><\/li><\/ol><p>Mi primer trabajo fue de teleoperador con 18 a\u00f1os, mala \u00e9poca para un trabajo en el que se necesita mucha paciencia. Decirles a los abuelitos si quer\u00edan tener fibra cuando ni siquiera ten\u00edan un ordenador era bastante dif\u00edcil. Pues eso, 6 d\u00edas aguant\u00e9&#8230; M\u00e1s tarde, cuando acab\u00e9 los estudios, entr\u00e9 a hacer las pr\u00e1cticas en una empresa de inform\u00e1tica y soluciones tecnol\u00f3gicas donde estuve 3 a\u00f1os y medio como t\u00e9cnico y un \u00faltimo a\u00f1o como responsable del departamento de Sistemas antes de venir a Fagor, donde llevo desde enero de este a\u00f1o. Aprend\u00ed bastante de mis compa\u00f1eros y mis responsables, siempre he pensado que, aunque haya algunas diferencias, el trabajo en equipo es mejor. Adem\u00e1s, tambi\u00e9n aprend\u00ed a tratar con todo tipo de gentes y rangos de empresa, cosa que a la larga me ha beneficiado para saber tratar a las personas tanto dentro como fuera del trabajo de forma m\u00e1s emp\u00e1tica y agradable. Es muy dif\u00edcil que me veas perder las formas, algo gordo has tenido que hacer&#8230; como echarme abajo un servidor. Noooo, es una Adribromi\u00a0<\/p><p>\u00a0<\/p><ol start=\"3\"><li><strong>\u00bfCu\u00e1l ha sido tu mayor logro en el cargo que desempe\u00f1as?<\/strong><\/li><\/ol><p>Todav\u00eda llevo poco tiempo en el puesto como para desempe\u00f1ar un gran logro, pero creo que, en este corto periodo de tiempo, uno de los mayores logros para m\u00ed ha sido poder adaptarme de manera r\u00e1pida y encajar perfectamente en la empresa. Adem\u00e1s, hemos realizado alg\u00fan que otro proyecto interno de monitorizaci\u00f3n, backups y automatizaci\u00f3n que han salido bastante bien. Continuamos para bingo&#8230;\u00a0<\/p><p>\u00a0<\/p><ol start=\"4\"><li><strong>\u00bfC\u00f3mo es el ambiente de trabajo que hay con tus compa\u00f1eros en la empresa?<\/strong><\/li><\/ol><p>En dos palabras, como dir\u00eda Jesul\u00edn: IM-PRESIONANTE. Una de las razones que me sorprendi\u00f3 al llegar aqu\u00ed fue el buen recibimiento que tuve y la facilidad con que me adapt\u00e9 al nuevo trabajo, en gran medida fue gracias a mis compa\u00f1eros. A diario, adem\u00e1s de mucho trabajo, no faltan risas y bromas entre nosotros&#8230; \u00a1Eso es un lujo!<\/p><p>\u00a0<\/p><ol start=\"5\"><li><strong>\u00bfQu\u00e9 te gusta hacer en tu tiempo libre?<\/strong><\/li><\/ol><p>Viajar mucho y jugar al p\u00e1del. Lo primero suelo hacerlo bastante mejor que lo segundo. Todos los d\u00edas de mis vacaciones est\u00e1n invertidos en irme cada vez m\u00e1s tiempo y cada vez m\u00e1s lejos. A veces mi perro se pregunta qui\u00e9n es ese extra\u00f1o que entra por la puerta de casa cada cierto tiempo. Hace 19 d\u00edas volv\u00ed de California y en 66 d\u00edas me voy a Londres, seguramente habr\u00e1 alguna escapada por el camino&#8230; \u00a1as\u00ed de apretada est\u00e1 mi agenda!\u00a0<\/p><\/div><\/div>\t\t\t\t\t\t\t\t<\/div>\n\t\t\t\t<\/div>\n\t\t\t\t<div class=\"elementor-element elementor-element-3dcf08c elementor-widget elementor-widget-image\" data-id=\"3dcf08c\" data-element_type=\"widget\" data-widget_type=\"image.default\">\n\t\t\t\t<div class=\"elementor-widget-container\">\n\t\t\t\t\t\t\t\t\t\t\t\t\t\t\t<img fetchpriority=\"high\" width=\"1024\" height=\"681\" src=\"https:\/\/www.fagorsmartdata.com\/wp-content\/uploads\/2023\/05\/dsc6707-editar1-1024x681.jpg\" class=\"attachment-large size-large wp-image-5605\" alt=\"\" srcset=\"https:\/\/www.fagorsmartdata.com\/wp-content\/uploads\/2023\/05\/dsc6707-editar1-1024x681.jpg 1024w, https:\/\/www.fagorsmartdata.com\/wp-content\/uploads\/2023\/05\/dsc6707-editar1-300x200.jpg 300w, https:\/\/www.fagorsmartdata.com\/wp-content\/uploads\/2023\/05\/dsc6707-editar1-768x511.jpg 768w, https:\/\/www.fagorsmartdata.com\/wp-content\/uploads\/2023\/05\/dsc6707-editar1-1536x1022.jpg 1536w, https:\/\/www.fagorsmartdata.com\/wp-content\/uploads\/2023\/05\/dsc6707-editar1-2048x1363.jpg 2048w\" sizes=\"(max-width: 1024px) 100vw, 1024px\" \/>\t\t\t\t\t\t\t\t\t\t\t\t\t\t\t<\/div>\n\t\t\t\t<\/div>\n\t\t\t\t<\/div>\n\t\t\t\t<\/div>\n\t\t","protected":false},"excerpt":{"rendered":"<p>Entrevistamos a nuestro compa\u00f1ero Adri\u00e1n Sainz, administrador de sistemas.<\/p>\n","protected":false},"author":2,"featured_media":5605,"comment_status":"open","ping_status":"open","sticky":false,"template":"","format":"standard","meta":{"_acf_changed":false,"inline_featured_image":false,"footnotes":""},"categories":[18],"tags":[],"class_list":["post-5604","post","type-post","status-publish","format-standard","has-post-thumbnail","hentry","category-equipo"],"acf":[],"_links":{"self":[{"href":"https:\/\/www.fagorsmartdata.com\/es\/wp-json\/wp\/v2\/posts\/5604","targetHints":{"allow":["GET"]}}],"collection":[{"href":"https:\/\/www.fagorsmartdata.com\/es\/wp-json\/wp\/v2\/posts"}],"about":[{"href":"https:\/\/www.fagorsmartdata.com\/es\/wp-json\/wp\/v2\/types\/post"}],"author":[{"embeddable":true,"href":"https:\/\/www.fagorsmartdata.com\/es\/wp-json\/wp\/v2\/users\/2"}],"replies":[{"embeddable":true,"href":"https:\/\/www.fagorsmartdata.com\/es\/wp-json\/wp\/v2\/comments?post=5604"}],"version-history":[{"count":7,"href":"https:\/\/www.fagorsmartdata.com\/es\/wp-json\/wp\/v2\/posts\/5604\/revisions"}],"predecessor-version":[{"id":5613,"href":"https:\/\/www.fagorsmartdata.com\/es\/wp-json\/wp\/v2\/posts\/5604\/revisions\/5613"}],"wp:featuredmedia":[{"embeddable":true,"href":"https:\/\/www.fagorsmartdata.com\/es\/wp-json\/wp\/v2\/media\/5605"}],"wp:attachment":[{"href":"https:\/\/www.fagorsmartdata.com\/es\/wp-json\/wp\/v2\/media?parent=5604"}],"wp:term":[{"taxonomy":"category","embeddable":true,"href":"https:\/\/www.fagorsmartdata.com\/es\/wp-json\/wp\/v2\/categories?post=5604"},{"taxonomy":"post_tag","embeddable":true,"href":"https:\/\/www.fagorsmartdata.com\/es\/wp-json\/wp\/v2\/tags?post=5604"}],"curies":[{"name":"wp","href":"https:\/\/api.w.org\/{rel}","templated":true}]}}