{"id":5703,"date":"2023-05-26T13:00:44","date_gmt":"2023-05-26T11:00:44","guid":{"rendered":"https:\/\/wordpress-441303-3454160.cloudwaysapps.com\/?p=5703"},"modified":"2023-08-07T17:33:44","modified_gmt":"2023-08-07T15:33:44","slug":"entrevista-a-laura-galache","status":"publish","type":"post","link":"https:\/\/www.fagorsmartdata.com\/es\/blog\/entrevista-a-laura-galache\/","title":{"rendered":"Entrevista a Laura Galache"},"content":{"rendered":"\t\t<div data-elementor-type=\"wp-post\" data-elementor-id=\"5703\" class=\"elementor elementor-5703\" data-elementor-post-type=\"post\">\n\t\t\t\t<div class=\"elementor-element elementor-element-aa3fd2c e-con-full e-flex e-con e-parent\" data-id=\"aa3fd2c\" data-element_type=\"container\">\n\t\t\t\t<div class=\"elementor-element elementor-element-294386c elementor-widget elementor-widget-text-editor\" data-id=\"294386c\" data-element_type=\"widget\" data-widget_type=\"text-editor.default\">\n\t\t\t\t<div class=\"elementor-widget-container\">\n\t\t\t\t\t\t\t\t\t<div class=\"col-12\"><div class=\"text-center intro aos-init aos-animate\" data-aos=\"fade-up\"><p>Entrevistamos a nuestra compa\u00f1era Laura Galache, analista funcional de plataformas software. Queremos agradecer su disponibilidad y que nos haya concedido unos minutos para contestarnos a estas preguntas para poder conocerla un poco mejor.<\/p><\/div><\/div><div class=\"col-12\"><div><ol><li><strong>Para quien no te conoce, \u00bfc\u00f3mo te definir\u00edas?<\/strong><\/li><\/ol><p>Soy una persona optimista y con gran capacidad de adaptaci\u00f3n (no s\u00e9 si por naturaleza o porque no me ha quedado otra opci\u00f3n), trabajadora, con un extra\u00f1o sentido del humor y que necesita de m\u00e1s de un encuentro para resultar cercana y tener la oportunidad de caer bien. Profesionalmente, en una reuni\u00f3n, en esos caf\u00e9s post-reuni\u00f3n con gente \u201cexterna\u201d no tengo problema, pero en relaciones m\u00e1s personales en el entorno laboral me cuesta dirigirme a gente que no conozco mucho, o con la que he hablado poco, y m\u00e1s a\u00fan si es para pedir ayuda, pero una vez entablada relaci\u00f3n, podremos tener charlas interesantes y ser\u00e9 una m\u00e1s del grupo.<\/p><p>\u00a0<\/p><ol start=\"2\"><li><strong>\u00bfPuedes hacernos un repaso de tu trayectoria empresarial desde tus comienzos hasta la actualidad?<\/strong><\/li><\/ol><p>Ser\u00e1 largo\u2026. y con muchas vueltas, pero ah\u00ed va&#8230; Empec\u00e9 haciendo depuradoras de agua\u2026 qu\u00e9 recuerdos llegando a una obra en medio del campo para pasar horas en una caseta de obra \u2026 y es que de formaci\u00f3n soy caminera, as\u00ed que de mis inicios en el mercado laboral poca relaci\u00f3n hay con mi trabajo actual. He pasado varios a\u00f1os en diferentes obras y en conservaci\u00f3n de carreteras, pero mi vocaci\u00f3n real siempre fue el transporte, as\u00ed que en fases intermedias he trabajado en empresas de transporte de mercanc\u00edas por carretera y en an\u00e1lisis de movilidad urbana.<\/p><p>Cuando parec\u00eda que todo estaba escrito y disfrutaba de un trabajo que me llenaba y que profesionalmente ten\u00eda un prometedor futuro, lleg\u00f3 la crisis de la construcci\u00f3n, as\u00ed que toc\u00f3, como suele decirse, renovarse o morir y aprovechando esos m\u00e1steres que uno nunca sabe si valdr\u00e1n para algo, y gracias a mi experiencia en transporte y medio ambiente, pude optar a un puesto de trabajo como investigadora, lo que supuso el punto de partida de quien soy ahora profesionalmente.<\/p><p>Madre m\u00eda, qu\u00e9 primeros meses\u2026. Y es que, no iba a hacerlo f\u00e1cil e ir a mi terreno, no, me puse a trabajar en un grupo de telem\u00e1tica, que si bien los proyectos eran de transporte o medio ambiente, el objetivo era desarrollar tecnolog\u00eda, as\u00ed que \u2026 qu\u00e9 reuniones, no entend\u00eda ni de lo que hablaban la mitad del tiempo, y eso que eran reuniones en castellano en su mayor\u00eda\u2026 fueron meses duros, de llegar a casa y ponerme a estudiar, pero sobreviv\u00ed gracias a la ayuda de los que fueron mis compa\u00f1eros y amigos y aprend\u00ed much\u00edsimo tanto profesional como personalmente.<\/p><p>Por suerte, la mayor parte de los proyectos en los que participaba eran para y con Fagor, y as\u00ed fue como empez\u00f3 mi relaci\u00f3n con la que ya considero mi empresa, primero de forma externa para finalmente aterrizar y pasar a formar parte de este gran equipo.<\/p><p>\u00a0<\/p><ol start=\"3\"><li><strong>\u00bfCu\u00e1l ha sido tu mayor logro en el cargo que desempe\u00f1as?<\/strong><\/li><\/ol><p>De momento llevo poco tiempo como para poder hablar de logros personales, as\u00ed que me quedo con aportar mi peque\u00f1o granito de arena a los productos en los que participo, haber conseguido hacer pi\u00f1a con mi equipo (hasta creo que he conseguido disimular cuando no pillo un chiste friki, aunque eso s\u00f3lo mis compa\u00f1eros podr\u00e1n confirmarlo) y haber podido presentar en tiempo y forma los trabajos que me han pedido.<\/p><p>En la situaci\u00f3n actual, con varias l\u00edneas de nuevos productos en an\u00e1lisis y con una apuesta fuerte por dar lo mejor como equipo, poder mantenerme codo a codo con quienes llevan tiempo d\u00e1ndolo todo y colaborar con ellos es ya un gran logro personal y profesional.<\/p><p>\u00a0<\/p><ol start=\"4\"><li><strong>\u00bfC\u00f3mo es el ambiente de trabajo que hay con tus compa\u00f1eros en la empresa?<\/strong><\/li><\/ol><p>La palabra que lo resume mejor creo que es divertido. Independientemente de estar en mi puesto de trabajo rodeada de mis compa\u00f1eros directos de departamento o cuando la ubicaci\u00f3n se localiza en una sala de reuni\u00f3n con otros compa\u00f1eros, por suerte casi todas las jornadas empiezan y acaban con unas risas y, si el tiempo no apremia siempre hay oportunidad de resolver alg\u00fan problema del mundo, sin necesidad de barra de bar de por medio.<\/p><p>Es un entorno bastante distendido, profesional c\u00f3mo no y con su tira y afloja cuando hay que tomar decisiones, pero entre gente que sabemos que somos personas intentando mejorar o crear alg\u00fan producto al tiempo que procuramos no olvidar nuestra faceta humana y pasarlo lo mejor posible en el trabajo. Al final, de lunes a viernes nuestro ambiente de trabajo es nuestro ambiente de vida, es donde m\u00e1s tiempo de calidad pasamos y cuando el entorno es agradable y se pasan buenos ratos el trabajo siempre sale mejor.<\/p><p>\u00a0<\/p><ol start=\"5\"><li><strong>\u00bfQu\u00e9 te gusta hacer en tu tiempo libre?<\/strong><\/li><\/ol><p>Pasar tiempo con la gente que me importa, en especial y si se puede porque el tiempo lo permite, al aire libre. Dar un paseo con mi perro (bueno, que me pasee \u00e9l en realidad, que es el que manda en casa), disfrutar de la playa, piscina, leer, ver series, sufrir-disfrutar-sufrir por los campos de golf y viajar; viajar siempre que se puede dado que es algo que realmente me recarga las pilas, sobre todo si es a una zona soleada y con calor, \u00a1nada como pasear por los pueblos del sur y disfrutar de su \u201cterraceo\u201d para volver \u00a1lleno de energ\u00eda!. Muchas veces me pregunto por qu\u00e9 me qued\u00e9 a vivir en Cantabria, ah s\u00ed, por la gente que me rodea.<\/p><\/div><\/div>\t\t\t\t\t\t\t\t<\/div>\n\t\t\t\t<\/div>\n\t\t\t\t<div class=\"elementor-element elementor-element-5a02f9b elementor-widget elementor-widget-image\" data-id=\"5a02f9b\" data-element_type=\"widget\" data-widget_type=\"image.default\">\n\t\t\t\t<div class=\"elementor-widget-container\">\n\t\t\t\t\t\t\t\t\t\t\t\t\t\t\t<img fetchpriority=\"high\" width=\"1024\" height=\"681\" src=\"https:\/\/www.fagorsmartdata.com\/wp-content\/uploads\/2023\/05\/laura_entrevista_web-1024x681.jpg\" class=\"attachment-large size-large wp-image-5704\" alt=\"\" srcset=\"https:\/\/www.fagorsmartdata.com\/wp-content\/uploads\/2023\/05\/laura_entrevista_web-1024x681.jpg 1024w, https:\/\/www.fagorsmartdata.com\/wp-content\/uploads\/2023\/05\/laura_entrevista_web-300x200.jpg 300w, https:\/\/www.fagorsmartdata.com\/wp-content\/uploads\/2023\/05\/laura_entrevista_web-768x511.jpg 768w, https:\/\/www.fagorsmartdata.com\/wp-content\/uploads\/2023\/05\/laura_entrevista_web-1536x1022.jpg 1536w, https:\/\/www.fagorsmartdata.com\/wp-content\/uploads\/2023\/05\/laura_entrevista_web-2048x1363.jpg 2048w\" sizes=\"(max-width: 1024px) 100vw, 1024px\" \/>\t\t\t\t\t\t\t\t\t\t\t\t\t\t\t<\/div>\n\t\t\t\t<\/div>\n\t\t\t\t<\/div>\n\t\t\t\t<\/div>\n\t\t","protected":false},"excerpt":{"rendered":"<p>Entrevistamos a nuestra compa\u00f1era Laura Galache, analista funcional de plataformas software.<\/p>\n","protected":false},"author":2,"featured_media":5704,"comment_status":"open","ping_status":"open","sticky":false,"template":"","format":"standard","meta":{"_acf_changed":false,"inline_featured_image":false,"footnotes":""},"categories":[18],"tags":[],"class_list":["post-5703","post","type-post","status-publish","format-standard","has-post-thumbnail","hentry","category-equipo"],"acf":[],"_links":{"self":[{"href":"https:\/\/www.fagorsmartdata.com\/es\/wp-json\/wp\/v2\/posts\/5703","targetHints":{"allow":["GET"]}}],"collection":[{"href":"https:\/\/www.fagorsmartdata.com\/es\/wp-json\/wp\/v2\/posts"}],"about":[{"href":"https:\/\/www.fagorsmartdata.com\/es\/wp-json\/wp\/v2\/types\/post"}],"author":[{"embeddable":true,"href":"https:\/\/www.fagorsmartdata.com\/es\/wp-json\/wp\/v2\/users\/2"}],"replies":[{"embeddable":true,"href":"https:\/\/www.fagorsmartdata.com\/es\/wp-json\/wp\/v2\/comments?post=5703"}],"version-history":[{"count":4,"href":"https:\/\/www.fagorsmartdata.com\/es\/wp-json\/wp\/v2\/posts\/5703\/revisions"}],"predecessor-version":[{"id":5709,"href":"https:\/\/www.fagorsmartdata.com\/es\/wp-json\/wp\/v2\/posts\/5703\/revisions\/5709"}],"wp:featuredmedia":[{"embeddable":true,"href":"https:\/\/www.fagorsmartdata.com\/es\/wp-json\/wp\/v2\/media\/5704"}],"wp:attachment":[{"href":"https:\/\/www.fagorsmartdata.com\/es\/wp-json\/wp\/v2\/media?parent=5703"}],"wp:term":[{"taxonomy":"category","embeddable":true,"href":"https:\/\/www.fagorsmartdata.com\/es\/wp-json\/wp\/v2\/categories?post=5703"},{"taxonomy":"post_tag","embeddable":true,"href":"https:\/\/www.fagorsmartdata.com\/es\/wp-json\/wp\/v2\/tags?post=5703"}],"curies":[{"name":"wp","href":"https:\/\/api.w.org\/{rel}","templated":true}]}}