{"id":5786,"date":"2023-05-29T09:33:07","date_gmt":"2023-05-29T09:33:07","guid":{"rendered":"https:\/\/wordpress-441303-3454160.cloudwaysapps.com\/?p=5786"},"modified":"2023-08-07T17:33:37","modified_gmt":"2023-08-07T15:33:37","slug":"entrevista-a-asier-diez","status":"publish","type":"post","link":"https:\/\/www.fagorsmartdata.com\/es\/blog\/entrevista-a-asier-diez\/","title":{"rendered":"Entrevista a Asier D\u00edez"},"content":{"rendered":"\t\t<div data-elementor-type=\"wp-post\" data-elementor-id=\"5786\" class=\"elementor elementor-5786\" data-elementor-post-type=\"post\">\n\t\t\t\t<div class=\"elementor-element elementor-element-79c4f70 e-con-full e-flex e-con e-parent\" data-id=\"79c4f70\" data-element_type=\"container\">\n\t\t\t\t<div class=\"elementor-element elementor-element-0cd5527 elementor-widget elementor-widget-text-editor\" data-id=\"0cd5527\" data-element_type=\"widget\" data-widget_type=\"text-editor.default\">\n\t\t\t\t<div class=\"elementor-widget-container\">\n\t\t\t\t\t\t\t\t\t<div class=\"col-12\"><div class=\"text-center intro aos-init aos-animate\" data-aos=\"fade-up\"><p>Entrevistamos a nuestro compa\u00f1ero Asier D\u00edez, coordinador operativo de nuestros centros de trabajo. Queremos agradecer su disponibilidad y que nos haya concedido unos minutos para contestarnos a estas preguntas para poder conocerle mejor tanto profesional como personalmente.<\/p><\/div><\/div><div class=\"col-12\"><div><ol><li><strong>Para quien no te conoce, \u00bfc\u00f3mo te definir\u00edas?<\/strong><\/li><\/ol><p>Me considero una persona extrovertida, con un toque de humor y muy risue\u00f1o. Me gusta estar en contacto con la gente, y poder echar un cable donde haga falta.<\/p><p>Con los a\u00f1os creo que me he vuelto un poco exigente conmigo mismo, me gustan que las cosas salgan bien y a tiempo, lo que hace a veces sea demasiado intenso\u2026en otras palabras, un poco pesado. \u00bfQui\u00e9n no me ha querido mandar a fre\u00edr churros alguna vez?. No iba a tener todo bueno\u2026<\/p><p><strong>\u00a0<\/strong><\/p><ol start=\"2\"><li><strong>\u00bfPuedes hacernos un repaso de tu trayectoria empresarial desde tus comienzos hasta la actualidad?<\/strong><\/li><\/ol><p>Mi primera experiencia laboral seria fue en Fagor Electr\u00f3nica, y vaya experiencia\u2026que todav\u00eda sigo aqu\u00ed.<\/p><p>Empec\u00e9 a trabajar en julio de 2015, cuando era un chaval y reci\u00e9n acabada la universidad. Entr\u00e9 directo al departamento de SAC (Postventa) y no s\u00e9 qu\u00e9 har\u00eda o como me vieron, que r\u00e1pidamente me mandaron para el departamento de producci\u00f3n, donde pude curtirme un poco en la preparaci\u00f3n de equipos y pedidos, que falta me hac\u00eda. As\u00ed fui conociendo el negocio, desde las entra\u00f1as.<\/p><p>Despu\u00e9s de este peque\u00f1o periplo, volv\u00ed a la cuna de postventa como gestor, donde ya pude entrar en contacto e ir conociendo a muchos clientes con los cuales me gusta tener relaci\u00f3n muy cercana. En este caso, mi periplo dur\u00f3 hasta octubre de 2020 donde pas\u00e9 al departamento de implantaciones tambi\u00e9n como gestor.<\/p><p>Por \u00faltimo y para acabar, cambi\u00f3 mi rol a coordinador operativo de los centros de trabajo de Santander, Colombia y Chile; y vaya donde me met\u00ed\u2026 Aun as\u00ed, aqu\u00ed sigo con m\u00e1s canas y menos pelo, pero resistiendo el envite.<\/p><p>Como visi\u00f3n global de mi trayectoria, tengo la suerte de haber podido pasar por muchas \u00e1reas del negocio y compartir momentos, experiencias y aprendizajes con la mayor\u00eda de las personas que lo formamos incluidas las que ya no est\u00e1n. Siendo sincero, he tenido mucha suerte, ya que en muchos casos los considero ya parte de mi familia.\u00a0<\/p><p><strong>\u00a0<\/strong><\/p><ol start=\"3\"><li><strong>\u00bfCu\u00e1l ha sido tu mayor logro en el cargo que desempe\u00f1as?<\/strong><\/li><\/ol><p>Como mayor logro, no identifico ninguno. No s\u00e9 si ser\u00e1 por no ponerme colorado\u2026<\/p><p>Me quedo con el haber podido madurar tanto personalmente como laboralmente a la par que maduraba y crec\u00eda el negocio. Todav\u00eda recuerdo mis primeros viajes de trabajo a Asturias cuando iba nervioso y hecho un flan. Y mira ahora, viajando a Chile, M\u00e9xico y lo que me queda por descubrir\u2026 Honestamente tambi\u00e9n yendo como un flan, pero un poco m\u00e1s hecho jajaja.<\/p><p>Tambi\u00e9n me quedo con el haber podido formar parte de equipos de trabajo junto a personas del otro lado del charco, con otras culturas, vivencias y formas de ser totalmente diferentes a las nuestras, de las que he podido recoger muchos aprendizajes. Es lo que tiene tratar pr\u00e1cticamente todos los d\u00edas con ellos\u2026como les digo muchas veces, hablo m\u00e1s con ellos que con mi novia. \u00a1\u00a1Preocupante!!<\/p><p>\u00a0<\/p><ol start=\"4\"><li><strong>\u00bfC\u00f3mo es el ambiente de trabajo que hay con tus compa\u00f1eros en la empresa?<\/strong><\/li><\/ol><p>El ambiente que hay en la empresa es muy bueno y es palpable cuando uno entra en la oficina. Lo hago extensible tambi\u00e9n a los compa\u00f1eros que trabajan fuera de ella o en otros centros de trabajo.<\/p><p>El buen ambiente es notorio tambi\u00e9n cuando hacemos algunas quedadas fuera del \u00e1mbito laboral o directamente cuando tomamos unas cervezas reci\u00e9n salidos del curro. No se cu\u00e1nto durar\u00e1n estas quedadas o barbacoas, ya que el colesterol est\u00e1 empezando a hacer mella en muchos de nosotros y empiezan a peligrar\u2026<\/p><p><strong>\u00a0<\/strong><\/p><ol start=\"5\"><li><strong>\u00bfQu\u00e9 te gusta hacer en tu tiempo libre?<\/strong><\/li><\/ol><p>Me considero un apasionado del deporte. Desde hace ya unos cuantos a\u00f1os, juego al p\u00e1del y soy asiduo \u00faltimamente a ir al gimnasio a intentar sudar y bajar los excesos del fin de semana. Normalmente me quedo muy lejos de esto \u00faltimo\u2026<\/p><p>Por la faceta que m\u00e1s se me conoce es por ser tan sufridor con el futbol, concretamente con el Racing (esto s\u00ed que me quita a\u00f1os de vida).<\/p><p>Todos los fines de semana que hay partido solemos organizar con mi grupo de amigos una comida o cena para ir calentando motores y tratar de que se pase lo m\u00e1s r\u00e1pido posible el partido. Tambi\u00e9n se hace extensible en algunas ocasiones a cuando juega fuera de casa, y organizamos viajes donde descubrimos la gastronom\u00eda local y ambiente nocturno de los sitios. En muchas ocasiones y dadas las continuas decepciones a\u00f1o tras a\u00f1o, descubrimos pueblos que jam\u00e1s pens\u00e9 que llegar\u00eda a pisar\u2026 hay que intentar sacar el lado positivo de las cosas.<\/p><p>Me conformo con poco, rodeado de mi gente tomando una cerveza me vale para disfrutar de mi tiempo libre. Si podemos a\u00f1adirle alg\u00fan manjar de comer a eso, mejor que mejor. \u00daltimamente he dejado la comodidad a un lado y me ha dado por descubrir pa\u00edses ex\u00f3ticos. El pasado a\u00f1o estuve en la India,\u00a0fue una experiencia \u00fanica y muy recomendable.<\/p><p>Espero que os haya podido servir esta entrevista para conocerme desde otro punto de vista m\u00e1s cercano. \u00a1Recuerdos y cuidaros!<\/p><\/div><\/div>\t\t\t\t\t\t\t\t<\/div>\n\t\t\t\t<\/div>\n\t\t\t\t<div class=\"elementor-element elementor-element-2b04a2b elementor-widget elementor-widget-image\" data-id=\"2b04a2b\" data-element_type=\"widget\" data-widget_type=\"image.default\">\n\t\t\t\t<div class=\"elementor-widget-container\">\n\t\t\t\t\t\t\t\t\t\t\t\t\t\t\t<img fetchpriority=\"high\" width=\"1024\" height=\"1024\" src=\"https:\/\/www.fagorsmartdata.com\/wp-content\/uploads\/2023\/05\/entrevista_asier_copia__1_-1024x1024.jpg\" class=\"attachment-large size-large wp-image-5791\" alt=\"\" srcset=\"https:\/\/www.fagorsmartdata.com\/wp-content\/uploads\/2023\/05\/entrevista_asier_copia__1_-1024x1024.jpg 1024w, https:\/\/www.fagorsmartdata.com\/wp-content\/uploads\/2023\/05\/entrevista_asier_copia__1_-300x300.jpg 300w, https:\/\/www.fagorsmartdata.com\/wp-content\/uploads\/2023\/05\/entrevista_asier_copia__1_-150x150.jpg 150w, https:\/\/www.fagorsmartdata.com\/wp-content\/uploads\/2023\/05\/entrevista_asier_copia__1_-768x768.jpg 768w, https:\/\/www.fagorsmartdata.com\/wp-content\/uploads\/2023\/05\/entrevista_asier_copia__1_.jpg 1080w\" sizes=\"(max-width: 1024px) 100vw, 1024px\" \/>\t\t\t\t\t\t\t\t\t\t\t\t\t\t\t<\/div>\n\t\t\t\t<\/div>\n\t\t\t\t<\/div>\n\t\t\t\t<\/div>\n\t\t","protected":false},"excerpt":{"rendered":"<p>Entrevistamos a nuestro compa\u00f1ero Asier D\u00edez, coordinador operativo de nuestros centros de trabajo.<\/p>\n","protected":false},"author":2,"featured_media":5787,"comment_status":"open","ping_status":"open","sticky":false,"template":"","format":"standard","meta":{"_acf_changed":false,"inline_featured_image":false,"footnotes":""},"categories":[18],"tags":[],"class_list":["post-5786","post","type-post","status-publish","format-standard","has-post-thumbnail","hentry","category-equipo"],"acf":[],"_links":{"self":[{"href":"https:\/\/www.fagorsmartdata.com\/es\/wp-json\/wp\/v2\/posts\/5786","targetHints":{"allow":["GET"]}}],"collection":[{"href":"https:\/\/www.fagorsmartdata.com\/es\/wp-json\/wp\/v2\/posts"}],"about":[{"href":"https:\/\/www.fagorsmartdata.com\/es\/wp-json\/wp\/v2\/types\/post"}],"author":[{"embeddable":true,"href":"https:\/\/www.fagorsmartdata.com\/es\/wp-json\/wp\/v2\/users\/2"}],"replies":[{"embeddable":true,"href":"https:\/\/www.fagorsmartdata.com\/es\/wp-json\/wp\/v2\/comments?post=5786"}],"version-history":[{"count":5,"href":"https:\/\/www.fagorsmartdata.com\/es\/wp-json\/wp\/v2\/posts\/5786\/revisions"}],"predecessor-version":[{"id":7300,"href":"https:\/\/www.fagorsmartdata.com\/es\/wp-json\/wp\/v2\/posts\/5786\/revisions\/7300"}],"wp:featuredmedia":[{"embeddable":true,"href":"https:\/\/www.fagorsmartdata.com\/es\/wp-json\/wp\/v2\/media\/5787"}],"wp:attachment":[{"href":"https:\/\/www.fagorsmartdata.com\/es\/wp-json\/wp\/v2\/media?parent=5786"}],"wp:term":[{"taxonomy":"category","embeddable":true,"href":"https:\/\/www.fagorsmartdata.com\/es\/wp-json\/wp\/v2\/categories?post=5786"},{"taxonomy":"post_tag","embeddable":true,"href":"https:\/\/www.fagorsmartdata.com\/es\/wp-json\/wp\/v2\/tags?post=5786"}],"curies":[{"name":"wp","href":"https:\/\/api.w.org\/{rel}","templated":true}]}}