{"id":6058,"date":"2023-05-26T10:00:45","date_gmt":"2023-05-26T08:00:45","guid":{"rendered":"https:\/\/wordpress-441303-3454160.cloudwaysapps.com\/fagor-electronica-recibe-el-premio-a-la-internacionalizacion-2022\/"},"modified":"2023-08-07T17:38:14","modified_gmt":"2023-08-07T15:38:14","slug":"fagor-electronica-recibe-el-premio-a-la-internacionalizacion-2022","status":"publish","type":"post","link":"https:\/\/www.fagorsmartdata.com\/la\/blog\/fagor-electronica-recibe-el-premio-a-la-internacionalizacion-2022\/","title":{"rendered":"Fagor Electr\u00f3nica recibe el Premio a la Internacionalizaci\u00f3n 2022"},"content":{"rendered":"\t\t<div data-elementor-type=\"wp-post\" data-elementor-id=\"6058\" class=\"elementor elementor-6058 elementor-5404\" data-elementor-post-type=\"post\">\n\t\t\t\t<div class=\"elementor-element elementor-element-7776596 e-con-full e-flex e-con e-parent\" data-id=\"7776596\" data-element_type=\"container\">\n\t\t\t\t<div class=\"elementor-element elementor-element-122a7c0 elementor-widget elementor-widget-text-editor\" data-id=\"122a7c0\" data-element_type=\"widget\" data-widget_type=\"text-editor.default\">\n\t\t\t\t<div class=\"elementor-widget-container\">\n\t\t\t\t\t\t\t\t\t<div class=\"col-12\"><div class=\"text-center intro aos-init aos-animate\" data-aos=\"fade-up\"><p>Fagor Electr\u00f3nica ha recibido el pasado 1 de abril el premio a la internacionalizaci\u00f3n 2022 de la mano de la C\u00e1mara de Comercio de Gipuzkoa, como reconocimiento a la expansi\u00f3n internacional que comenz\u00f3 hace ya algunas d\u00e9cadas y que contin\u00faa desarrollando en los \u00faltimos a\u00f1os.<\/p><\/div><\/div><div class=\"col-12\"><div><p>El premio fue recibido por nuestros compa\u00f1eros M\u00f3nica Vaz y Mikel Trojaola, presidenta y gerente del Grupo Fagor Electr\u00f3nica. La entrega del premio fue de manos del Diputado General de Guip\u00fazcoa Markel Olano, delante de un foro de m\u00e1s de 300 personas del mundo empresarial del Pa\u00eds Vasco.<\/p><p>La entidad de la c\u00e1mara reconoce &#8220;el car\u00e1cter pionero de la cooperativa en su internacionalizaci\u00f3n con la puesta en marcha de su primera planta de producci\u00f3n en Asia en 1992, y la apertura de plantas de producci\u00f3n en otros 4 pa\u00edses en los \u00faltimos dos a\u00f1os&#8221;.<\/p><p>Este premio es el resultado del trabajo y la dedicaci\u00f3n de todos los que actualmente forman parte del proyecto empresarial del Grupo Fagor Electr\u00f3nica, que cuenta con 520 empleados y 7 plantas productivas repartidas en 6 pa\u00edses (dos en Espa\u00f1a, Tailandia, Chile, M\u00e9xico, Turqu\u00eda y Colombia), con un nivel de exportaci\u00f3n superior al 70% suministrando a mercados en Europa, Asia y Am\u00e9rica. El impulso de la demanda y el posicionamiento alcanzado por Fagor Electr\u00f3nica en clientes internacionales como Toyota, Airbus, Robert Bosch, Grupo Antolin, Siemens, Electrolux, Eika, Copreci etc., provoca la necesidad de llevar adelante un segundo proceso de implantaciones productivas en el exterior. Con un volumen de facturaci\u00f3n en el grupo cercano a 75 millones de euros en el a\u00f1o 2021, y una din\u00e1mica de evoluci\u00f3n creciente no afectada por la pandemia, sus ventas se distribuyen en un 35% en el continente europeo, un 40 % en el continente asi\u00e1tico y un 25% en Am\u00e9rica.<\/p><p>Estamos agradecidos por este reconocimiento al trabajo bien hecho. Este premio es el resultado del trabajo de todas las personas que forman parte del proyecto empresarial del Grupo Fagor Electr\u00f3nica.<\/p><\/div><\/div>\t\t\t\t\t\t\t\t<\/div>\n\t\t\t\t<\/div>\n\t\t\t\t<div class=\"elementor-element elementor-element-60e7865 elementor-widget elementor-widget-image\" data-id=\"60e7865\" data-element_type=\"widget\" data-widget_type=\"image.default\">\n\t\t\t\t<div class=\"elementor-widget-container\">\n\t\t\t\t\t\t\t\t\t\t\t\t\t\t\t<img fetchpriority=\"high\" width=\"942\" height=\"941\" src=\"https:\/\/www.fagorsmartdata.com\/wp-content\/uploads\/2023\/05\/img-20220404-wa00021.jpg\" class=\"attachment-large size-large wp-image-5408\" alt=\"\" srcset=\"https:\/\/www.fagorsmartdata.com\/wp-content\/uploads\/2023\/05\/img-20220404-wa00021.jpg 942w, https:\/\/www.fagorsmartdata.com\/wp-content\/uploads\/2023\/05\/img-20220404-wa00021-300x300.jpg 300w, https:\/\/www.fagorsmartdata.com\/wp-content\/uploads\/2023\/05\/img-20220404-wa00021-150x150.jpg 150w, https:\/\/www.fagorsmartdata.com\/wp-content\/uploads\/2023\/05\/img-20220404-wa00021-768x767.jpg 768w\" sizes=\"(max-width: 942px) 100vw, 942px\" \/>\t\t\t\t\t\t\t\t\t\t\t\t\t\t\t<\/div>\n\t\t\t\t<\/div>\n\t\t\t\t<div class=\"elementor-element elementor-element-4ccef67 elementor-widget elementor-widget-video\" data-id=\"4ccef67\" data-element_type=\"widget\" data-settings=\"{&quot;youtube_url&quot;:&quot;https:\\\/\\\/www.youtube.com\\\/watch?v=OAUrrKPsgGs&quot;,&quot;video_type&quot;:&quot;youtube&quot;,&quot;controls&quot;:&quot;yes&quot;}\" data-widget_type=\"video.default\">\n\t\t\t\t<div class=\"elementor-widget-container\">\n\t\t\t\t\t\t\t<div class=\"elementor-wrapper elementor-open-inline\">\n\t\t\t<div class=\"elementor-video\"><\/div>\t\t<\/div>\n\t\t\t\t\t\t<\/div>\n\t\t\t\t<\/div>\n\t\t\t\t<\/div>\n\t\t\t\t<\/div>\n\t\t","protected":false},"excerpt":{"rendered":"<p>Fagor Electr\u00f3nica ha recibido el pasado 1 de abril el premio a la internacionalizaci\u00f3n 2022 de la mano de la C\u00e1mara de Comercio de Gipuzkoa, como reconocimiento a la expansi\u00f3n internacional que comenz\u00f3 hace ya algunas d\u00e9cadas y que contin\u00faa desarrollando en los \u00faltimos a\u00f1os.<\/p>\n","protected":false},"author":2,"featured_media":6059,"comment_status":"open","ping_status":"open","sticky":false,"template":"","format":"standard","meta":{"_acf_changed":false,"inline_featured_image":false,"footnotes":""},"categories":[73],"tags":[],"class_list":["post-6058","post","type-post","status-publish","format-standard","has-post-thumbnail","hentry","category-noticias-y-acontecimientos-la"],"acf":[],"_links":{"self":[{"href":"https:\/\/www.fagorsmartdata.com\/la\/wp-json\/wp\/v2\/posts\/6058","targetHints":{"allow":["GET"]}}],"collection":[{"href":"https:\/\/www.fagorsmartdata.com\/la\/wp-json\/wp\/v2\/posts"}],"about":[{"href":"https:\/\/www.fagorsmartdata.com\/la\/wp-json\/wp\/v2\/types\/post"}],"author":[{"embeddable":true,"href":"https:\/\/www.fagorsmartdata.com\/la\/wp-json\/wp\/v2\/users\/2"}],"replies":[{"embeddable":true,"href":"https:\/\/www.fagorsmartdata.com\/la\/wp-json\/wp\/v2\/comments?post=6058"}],"version-history":[{"count":1,"href":"https:\/\/www.fagorsmartdata.com\/la\/wp-json\/wp\/v2\/posts\/6058\/revisions"}],"predecessor-version":[{"id":92237,"href":"https:\/\/www.fagorsmartdata.com\/la\/wp-json\/wp\/v2\/posts\/6058\/revisions\/92237"}],"wp:featuredmedia":[{"embeddable":true,"href":"https:\/\/www.fagorsmartdata.com\/la\/wp-json\/wp\/v2\/media\/6059"}],"wp:attachment":[{"href":"https:\/\/www.fagorsmartdata.com\/la\/wp-json\/wp\/v2\/media?parent=6058"}],"wp:term":[{"taxonomy":"category","embeddable":true,"href":"https:\/\/www.fagorsmartdata.com\/la\/wp-json\/wp\/v2\/categories?post=6058"},{"taxonomy":"post_tag","embeddable":true,"href":"https:\/\/www.fagorsmartdata.com\/la\/wp-json\/wp\/v2\/tags?post=6058"}],"curies":[{"name":"wp","href":"https:\/\/api.w.org\/{rel}","templated":true}]}}