{"id":6187,"date":"2023-05-18T14:18:37","date_gmt":"2023-05-18T12:18:37","guid":{"rendered":"https:\/\/wordpress-441303-3454160.cloudwaysapps.com\/entrevista-a-jose-ramon-grau\/"},"modified":"2023-08-07T17:39:20","modified_gmt":"2023-08-07T15:39:20","slug":"entrevista-a-jose-ramon-grau","status":"publish","type":"post","link":"https:\/\/www.fagorsmartdata.com\/la\/blog\/entrevista-a-jose-ramon-grau\/","title":{"rendered":"Entrevista a Jos\u00e9 Ram\u00f3n Grau"},"content":{"rendered":"\t\t<div data-elementor-type=\"wp-post\" data-elementor-id=\"6187\" class=\"elementor elementor-6187 elementor-3945\" data-elementor-post-type=\"post\">\n\t\t\t\t<div class=\"elementor-element elementor-element-888cfa5 e-con-full e-flex e-con e-parent\" data-id=\"888cfa5\" data-element_type=\"container\">\n\t\t\t\t<div class=\"elementor-element elementor-element-d8795f1 elementor-widget elementor-widget-text-editor\" data-id=\"d8795f1\" data-element_type=\"widget\" data-widget_type=\"text-editor.default\">\n\t\t\t\t<div class=\"elementor-widget-container\">\n\t\t\t\t\t\t\t\t\t<div class=\"col-12\"><div class=\"text-center intro aos-init aos-animate\" data-aos=\"fade-up\"><p>Entrevistamos a nuestro compa\u00f1ero Jos\u00e9 Ram\u00f3n Grau, responsable de plataforma software. Queremos agradecerle que nos haya concedido unos minutos para contestarnos a estas preguntas. Su actividad no cesa y por eso es admirable el peque\u00f1o ratito que nos ha dedicado.<\/p><\/div><\/div><div class=\"col-12\"><div><ol><li><strong>Para quien no te conoce, \u00bfc\u00f3mo te definir\u00edas?<\/strong><\/li><\/ol><p>Me definir\u00eda como una persona normal, con sus virtudes y sus defectos. Una persona responsable y trabajadora, que se implica al 100% en las tareas que est\u00e1 realizando, y que para realizarlas se acompa\u00f1a del positivismo y el humor.\u00a0<\/p><p>En el trato personal, con la gente que no conozco, inicialmente suelo ser bastante observador y reservado, aunque eso se me pasa r\u00e1pido.<\/p><p><strong>\u00a0<\/strong><\/p><ol start=\"2\"><li><strong>\u00bfPuedes hacernos un repaso de tu trayectoria empresarial desde tus comienzos hasta la actualidad?<\/strong><\/li><\/ol><p>Comenc\u00e9 en Fagor a los pocos meses de crearse esta actividad, all\u00e1 por 2001. Acababa de finalizar la carrera y comenzaba como becario, cuya principal tarea era la programaci\u00f3n de aplicaciones de escritorio, la administraci\u00f3n de bases de datos y la integraci\u00f3n de cartograf\u00edas. Durante unos cuantos a\u00f1os, continu\u00e9 como programador, evolucionando y madurando al mismo tiempo que evolucionaba la plataforma, tanto personal como tecnol\u00f3gicamente. Con el tiempo se me ofreci\u00f3 la oportunidad de liderar un nuevo producto, trabajo que he desempe\u00f1ado con ilusi\u00f3n y con muchas ganas de aprender y crecer laboralmente, ya que fue, digamos, mi primera incursi\u00f3n en tareas que no solo trataban de programar, sino que me met\u00eda de lleno en la gesti\u00f3n de proyectos, personas, proveedores, \u2026 Durante un tiempo estuve realizando esta tarea, inicialmente solap\u00e1ndola con la de programador, y posteriormente en exclusiva. A\u00f1os despu\u00e9s, apareci\u00f3 una nueva oportunidad de negocio en la empresa, y con ello, una nueva plataforma, a la cual se me dio la oportunidad de ser su responsable y con ello la responsabilidad de verla nacer y hacerla crecer, hasta conseguir que sea una plataforma tan exitosa como la primera en la que particip\u00e9. Esto conlleva afrontar un reto muy bonito e ilusionante, pero a su vez, bastante complejo y delicado. Reto que estoy seguro de que se completar\u00e1 satisfactoriamente, gracias a que estoy rodeado de un equipo de magn\u00edficas personas a todos los niveles, personales y t\u00e9cnicos, que me ayudar\u00e1n a conseguirlo.<\/p><p><strong>\u00a0<\/strong><\/p><ol start=\"3\"><li><strong>\u00bfCu\u00e1l ha sido tu mayor logro en el cargo que desempe\u00f1as?<\/strong><\/li><\/ol><p>Cuando pienso en un logro en el cargo que desempe\u00f1o, se me vienen varios a la cabeza, pero me quedar\u00eda con el que es la base del resto. Haber conseguido rodearme de un gran equipo humano que me ha ayudado y ayudar\u00e1 a conseguir todos los logros que se pongan a nuestro alcance, ya que al fin y al cabo, los logros m\u00e1s que propios, son siempre del equipo.<\/p><p><strong>\u00a0<\/strong><\/p><ol start=\"4\"><li><strong>\u00bfC\u00f3mo es el ambiente de trabajo que hay con tus compa\u00f1eros en la empresa?<\/strong><\/li><\/ol><p>Excelente, es una suerte contar con un equipo humano de este nivel. Somos un equipo en el que nos movemos en una horquilla de edades no demasiado grandes, por lo que tenemos todos gustos, inquietudes y aficiones en com\u00fan, que en ocasiones, acaban desarroll\u00e1ndose tambi\u00e9n fuera de la oficina prolongando esa buena relaci\u00f3n hasta el \u00e1mbito extralaboral. Laboralmente el equipo siempre est\u00e1 predispuesto a ayudar y ense\u00f1ar al compa\u00f1ero, incluso a costa de penalizar su tiempo en favor del otro. El equipo est\u00e1 compuesto de una mezcla de juventud, donde hay mucha ilusi\u00f3n y ganas de seguir creciendo y ayudando a crecer a los dem\u00e1s, y de gente menos joven, que a\u00f1ade ese punto de madurez y experiencia que completa el equipo. Sin lugar a dudas, el ambiente de trabajo es uno de los puntos fuertes de la empresa.<\/p><p><strong>\u00a0<\/strong><\/p><ol start=\"5\"><li><strong>\u00bfQu\u00e9 te gusta hacer en tu tiempo libre?<\/strong><\/li><\/ol><p>Me gusta el deporte en general, pero en la faceta de telespectador. Disfruto sobre todo viendo futbol, baloncesto y tenis. Tambi\u00e9n soy aficionado al cine, por lo que cuando hay una pel\u00edcula que lo merece, voy a la gran pantalla a deleitarme con ella, a\u00f1adiendo a la experiencia palomitas, refresco y regalo que acompa\u00f1e a la pel\u00edcula (Funko, peluche, cubo,\u2026). Tengo tambi\u00e9n otras peque\u00f1as aficiones como la m\u00fasica, o coleccionar cualquier cosa que se tercie, como monedas o cromos.<\/p><p>\u00a0<\/p><\/div><\/div><div class=\"col-12\">\u00a0<\/div>\t\t\t\t\t\t\t\t<\/div>\n\t\t\t\t<\/div>\n\t\t\t\t<div class=\"elementor-element elementor-element-c222fb2 elementor-widget elementor-widget-image\" data-id=\"c222fb2\" data-element_type=\"widget\" data-widget_type=\"image.default\">\n\t\t\t\t<div class=\"elementor-widget-container\">\n\t\t\t\t\t\t\t\t\t\t\t\t\t\t\t<img fetchpriority=\"high\" width=\"1024\" height=\"1019\" src=\"https:\/\/www.fagorsmartdata.com\/wp-content\/uploads\/2023\/05\/Grau-1024x1019.jpeg\" class=\"attachment-large size-large wp-image-3946\" alt=\"\" srcset=\"https:\/\/www.fagorsmartdata.com\/wp-content\/uploads\/2023\/05\/Grau-1024x1019.jpeg 1024w, https:\/\/www.fagorsmartdata.com\/wp-content\/uploads\/2023\/05\/Grau-300x300.jpeg 300w, https:\/\/www.fagorsmartdata.com\/wp-content\/uploads\/2023\/05\/Grau-150x150.jpeg 150w, https:\/\/www.fagorsmartdata.com\/wp-content\/uploads\/2023\/05\/Grau-768x764.jpeg 768w, https:\/\/www.fagorsmartdata.com\/wp-content\/uploads\/2023\/05\/Grau.jpeg 1200w\" sizes=\"(max-width: 1024px) 100vw, 1024px\" \/>\t\t\t\t\t\t\t\t\t\t\t\t\t\t\t<\/div>\n\t\t\t\t<\/div>\n\t\t\t\t<\/div>\n\t\t\t\t<\/div>\n\t\t","protected":false},"excerpt":{"rendered":"<p>Entrevistamos a nuestro compa\u00f1ero Jos\u00e9 Ram\u00f3n Grau, responsable de plataforma software. Queremos agradecerle que nos haya concedido unos minutos para contestarnos a estas preguntas. Su actividad no cesa y por eso es admirable el peque\u00f1o ratito que nos ha dedicado.<\/p>\n","protected":false},"author":2,"featured_media":6188,"comment_status":"open","ping_status":"open","sticky":false,"template":"","format":"standard","meta":{"_acf_changed":false,"inline_featured_image":false,"footnotes":""},"categories":[72,74],"tags":[],"class_list":["post-6187","post","type-post","status-publish","format-standard","has-post-thumbnail","hentry","category-articulos-interesantes-la","category-equipo-la"],"acf":[],"_links":{"self":[{"href":"https:\/\/www.fagorsmartdata.com\/la\/wp-json\/wp\/v2\/posts\/6187","targetHints":{"allow":["GET"]}}],"collection":[{"href":"https:\/\/www.fagorsmartdata.com\/la\/wp-json\/wp\/v2\/posts"}],"about":[{"href":"https:\/\/www.fagorsmartdata.com\/la\/wp-json\/wp\/v2\/types\/post"}],"author":[{"embeddable":true,"href":"https:\/\/www.fagorsmartdata.com\/la\/wp-json\/wp\/v2\/users\/2"}],"replies":[{"embeddable":true,"href":"https:\/\/www.fagorsmartdata.com\/la\/wp-json\/wp\/v2\/comments?post=6187"}],"version-history":[{"count":1,"href":"https:\/\/www.fagorsmartdata.com\/la\/wp-json\/wp\/v2\/posts\/6187\/revisions"}],"predecessor-version":[{"id":92301,"href":"https:\/\/www.fagorsmartdata.com\/la\/wp-json\/wp\/v2\/posts\/6187\/revisions\/92301"}],"wp:featuredmedia":[{"embeddable":true,"href":"https:\/\/www.fagorsmartdata.com\/la\/wp-json\/wp\/v2\/media\/6188"}],"wp:attachment":[{"href":"https:\/\/www.fagorsmartdata.com\/la\/wp-json\/wp\/v2\/media?parent=6187"}],"wp:term":[{"taxonomy":"category","embeddable":true,"href":"https:\/\/www.fagorsmartdata.com\/la\/wp-json\/wp\/v2\/categories?post=6187"},{"taxonomy":"post_tag","embeddable":true,"href":"https:\/\/www.fagorsmartdata.com\/la\/wp-json\/wp\/v2\/tags?post=6187"}],"curies":[{"name":"wp","href":"https:\/\/api.w.org\/{rel}","templated":true}]}}