{"id":6265,"date":"2023-05-17T14:18:07","date_gmt":"2023-05-17T12:18:07","guid":{"rendered":"https:\/\/wordpress-441303-3454160.cloudwaysapps.com\/el-equipo-de-fagor-electronica-en-la-feria-del-sil-2019\/"},"modified":"2023-08-07T17:39:55","modified_gmt":"2023-08-07T15:39:55","slug":"el-equipo-de-fagor-electronica-en-la-feria-del-sil-2019","status":"publish","type":"post","link":"https:\/\/www.fagorsmartdata.com\/la\/blog\/el-equipo-de-fagor-electronica-en-la-feria-del-sil-2019\/","title":{"rendered":"El equipo de Fagor Electr\u00f3nica en la feria del SIL 2019"},"content":{"rendered":"\t\t<div data-elementor-type=\"wp-post\" data-elementor-id=\"6265\" class=\"elementor elementor-6265 elementor-3433\" data-elementor-post-type=\"post\">\n\t\t\t\t<div class=\"elementor-element elementor-element-06b53b9 e-con-full e-flex e-con e-parent\" data-id=\"06b53b9\" data-element_type=\"container\">\n\t\t\t\t<div class=\"elementor-element elementor-element-01d228d elementor-widget elementor-widget-text-editor\" data-id=\"01d228d\" data-element_type=\"widget\" data-widget_type=\"text-editor.default\">\n\t\t\t\t<div class=\"elementor-widget-container\">\n\t\t\t\t\t\t\t\t\t<p>Estos d\u00edas Barcelona se convierte en el centro internacional de la logistica y el transporte con la 21\u00ba edici\u00f3n de SILBARCELONA. Parte de nuestro equipo no pod\u00eda faltar a la cita y hasta all\u00ed se trasladaron. La Feria L\u00edder de Log\u00edstica, Transporte, Intralog\u00edstica y Supply Chain del Sur de Europa (SIL 2019) ha clausurado su 21\u00aa edici\u00f3nrespectivamente, con 710 empresas participantes, un 40%de las cuales han sido internacionales y han procedido de 43pa\u00edses distintos. El SIL 2019 ha reunido a lo largo de 3 intensos d\u00edas a todo el sector del comercio internacional y de la cadena log\u00edstica con la celebraci\u00f3n en paralelo del Congreso Mundial de Zonas Francas,<\/p>\t\t\t\t\t\t\t\t<\/div>\n\t\t\t\t<\/div>\n\t\t\t\t<div class=\"elementor-element elementor-element-a714cdf elementor-widget elementor-widget-image\" data-id=\"a714cdf\" data-element_type=\"widget\" data-widget_type=\"image.default\">\n\t\t\t\t<div class=\"elementor-widget-container\">\n\t\t\t\t\t\t\t\t\t\t\t\t\t\t\t<img fetchpriority=\"high\" width=\"1024\" height=\"683\" src=\"https:\/\/www.fagorsmartdata.com\/wp-content\/uploads\/2023\/05\/El-equipo-de-Fagor-Electronica-en-la-feria-del-SIL-2019-1024x683.jpeg\" class=\"attachment-large size-large wp-image-3434\" alt=\"\" srcset=\"https:\/\/www.fagorsmartdata.com\/wp-content\/uploads\/2023\/05\/El-equipo-de-Fagor-Electronica-en-la-feria-del-SIL-2019-1024x683.jpeg 1024w, https:\/\/www.fagorsmartdata.com\/wp-content\/uploads\/2023\/05\/El-equipo-de-Fagor-Electronica-en-la-feria-del-SIL-2019-300x200.jpeg 300w, https:\/\/www.fagorsmartdata.com\/wp-content\/uploads\/2023\/05\/El-equipo-de-Fagor-Electronica-en-la-feria-del-SIL-2019-768x512.jpeg 768w, https:\/\/www.fagorsmartdata.com\/wp-content\/uploads\/2023\/05\/El-equipo-de-Fagor-Electronica-en-la-feria-del-SIL-2019.jpeg 1200w\" sizes=\"(max-width: 1024px) 100vw, 1024px\" \/>\t\t\t\t\t\t\t\t\t\t\t\t\t\t\t<\/div>\n\t\t\t\t<\/div>\n\t\t\t\t<div class=\"elementor-element elementor-element-2d436f1 elementor-widget elementor-widget-text-editor\" data-id=\"2d436f1\" data-element_type=\"widget\" data-widget_type=\"text-editor.default\">\n\t\t\t\t<div class=\"elementor-widget-container\">\n\t\t\t\t\t\t\t\t\t<h2 class=\"page__h2\">SIL 2019 CIERRA UNA EDICI\u00d3N DE \u00c9XITO SITUANDO A LA LOG\u00cdSTICA COMO MOTOR DE LA ECONOM\u00cdA MUNDIAL<\/h2><div><p>La masiva afluencia de profesionales, las sinergias creadas con eDelivery Barcelona Expo &amp; Congress,el Congreso Mundial de Zonas Francas e In Trade Summit BCN, la celebraci\u00f3n de \u201cLa Nit de la Log\u00edstica\u201d y el n\u00famero de contactos realizados, claves del \u00e9xito de una edici\u00f3n muy positiva<\/p><p>La Feria L\u00edder de Log\u00edstica, Transporte, Intralog\u00edstica y Supply Chain del Sur de Europa (SIL 2019) y la Feria Internacional de la Entrega, Log\u00edstica y \u00daltima Milla en el eCommerce, eDelivery Barcelona 2019, organizadas por el Consorci de la Zona Franca de Barcelona, han clausurado su 21\u00aa y 3\u00aa edici\u00f3n respectivamente, con 710 empresas participantes, un 40% de las cuales han sido internacionales y han procedido de 43 pa\u00edses distintos.<\/p><p>El SIL 2019 y eDelivery Barcelona han reunido a lo largo de 3 intensos d\u00edas a todo el sector del comercio internacional y de la cadena log\u00edstica con la celebraci\u00f3n en paralelo del Congreso Mundial de Zonas Francas, el Congreso de ALACAT, el Congreso Internacional de Operadores Econ\u00f3micos Autorizados, el MedaLogistics Summit y el Encuentro de la AZFA.<\/p><\/div>\t\t\t\t\t\t\t\t<\/div>\n\t\t\t\t<\/div>\n\t\t\t\t<\/div>\n\t\t\t\t<\/div>\n\t\t","protected":false},"excerpt":{"rendered":"<p>Estos d\u00edas Barcelona se convierte en el centro internacional de la logistica y el transporte con la 21\u00ba edici\u00f3n de SILBARCELONA. Parte de nuestro equipo no pod\u00eda faltar a la cita y hasta all\u00ed se trasladaron.<\/p>\n","protected":false},"author":2,"featured_media":6266,"comment_status":"open","ping_status":"open","sticky":false,"template":"","format":"standard","meta":{"_acf_changed":false,"inline_featured_image":false,"footnotes":""},"categories":[74,73],"tags":[],"class_list":["post-6265","post","type-post","status-publish","format-standard","has-post-thumbnail","hentry","category-equipo-la","category-noticias-y-acontecimientos-la"],"acf":[],"_links":{"self":[{"href":"https:\/\/www.fagorsmartdata.com\/la\/wp-json\/wp\/v2\/posts\/6265","targetHints":{"allow":["GET"]}}],"collection":[{"href":"https:\/\/www.fagorsmartdata.com\/la\/wp-json\/wp\/v2\/posts"}],"about":[{"href":"https:\/\/www.fagorsmartdata.com\/la\/wp-json\/wp\/v2\/types\/post"}],"author":[{"embeddable":true,"href":"https:\/\/www.fagorsmartdata.com\/la\/wp-json\/wp\/v2\/users\/2"}],"replies":[{"embeddable":true,"href":"https:\/\/www.fagorsmartdata.com\/la\/wp-json\/wp\/v2\/comments?post=6265"}],"version-history":[{"count":1,"href":"https:\/\/www.fagorsmartdata.com\/la\/wp-json\/wp\/v2\/posts\/6265\/revisions"}],"predecessor-version":[{"id":92350,"href":"https:\/\/www.fagorsmartdata.com\/la\/wp-json\/wp\/v2\/posts\/6265\/revisions\/92350"}],"wp:featuredmedia":[{"embeddable":true,"href":"https:\/\/www.fagorsmartdata.com\/la\/wp-json\/wp\/v2\/media\/6266"}],"wp:attachment":[{"href":"https:\/\/www.fagorsmartdata.com\/la\/wp-json\/wp\/v2\/media?parent=6265"}],"wp:term":[{"taxonomy":"category","embeddable":true,"href":"https:\/\/www.fagorsmartdata.com\/la\/wp-json\/wp\/v2\/categories?post=6265"},{"taxonomy":"post_tag","embeddable":true,"href":"https:\/\/www.fagorsmartdata.com\/la\/wp-json\/wp\/v2\/tags?post=6265"}],"curies":[{"name":"wp","href":"https:\/\/api.w.org\/{rel}","templated":true}]}}